{"id":951,"date":"2019-02-22T12:47:54","date_gmt":"2019-02-22T11:47:54","guid":{"rendered":"http:\/\/www.osera.fr\/?p=951"},"modified":"2019-02-22T12:47:55","modified_gmt":"2019-02-22T11:47:55","slug":"remuneration-des-salaries-de-la-securite-sociale-lintersyndicale-appelle-a-la-greve-le-19-mars-2019","status":"publish","type":"post","link":"https:\/\/www.osera.fr\/index.php\/2019\/02\/22\/remuneration-des-salaries-de-la-securite-sociale-lintersyndicale-appelle-a-la-greve-le-19-mars-2019\/","title":{"rendered":"REMUNERATION DES SALARIES DE LA SECURITE SOCIALE : L&#8217;INTERSYNDICALE APPELLE A LA GREVE LE 19 MARS 2019"},"content":{"rendered":"\n<p>Devant le m\u00e9pris affich\u00e9 par le Minist\u00e8re et la direction de la S\u00e9curit\u00e9 Sociale en distribuant des miettes, la derni\u00e8re intersyndicale appelle le personnel \u00e0 intensifier Le rapport de force : &#8220;Profitons de la prochaine n\u00e9gociation sur la classification programm\u00e9e le 19 mars 2019, pour se mobiliser de nouveau, \u00eatre en gr\u00e8ve et rejoindre les manifestations qui seront organis\u00e9es par l\u2019interprofessionnel CGT, FO, Solidaires, UNEF, UNL et UNLSD, sur tout le territoire,<a href=\"#_ftn1\"><sup>[1]<\/sup><\/a> pour gagner sur nos revendications : <\/p>\n\n\n\n<p><\/p>\n\n\n\n<ul class=\"wp-block-list\"><li>L\u2019attribution d\u2019une prime g\u00e9n\u00e9rale pour\nl\u2019ensemble du personnel&nbsp; <\/li><li>L\u2019augmentation significative de la valeur du\npoint et Salaire Minimum Professionnel Garanti \u00e0 2 000 euros bruts ;&nbsp; <\/li><li>L\u2019arr\u00eat des suppressions de postes et le\nremplacement de tous les d\u00e9parts par des embauches en CDI ;&nbsp; <\/li><li>La mise en place d\u2019une classification qui\npermette un v\u00e9ritable d\u00e9roulement de carri\u00e8re avec la reconnaissance des\ncomp\u00e9tences, des qualifications et des dipl\u00f4mes ;&nbsp; <\/li><\/ul>\n\n\n\n<p>Le respect et le maintien\nde toutes les dispositions de la Convention Collective Nationale. <br><\/p>\n\n\n\n<p class=\"has-text-color has-vivid-red-color\"><strong>La CFDT, qui avait rejoint l&#8217;intersyndicale apr\u00e8s la mobilisation du personnel du 18 d\u00e9cembre, a pour la 2\u00e8me fois quitt\u00e9 l&#8217;intersyndicale\u2026 chacun jugera de la confiance que l&#8217;on peut porter \u00e0 une organisation syndicale devant une telle attitude. Quelle est sa position : du c\u00f4t\u00e9 des salari\u00e9s ou bien du c\u00f4t\u00e9 du patronat : le personnel jugera.<\/strong><\/p>\n\n\n\n<hr class=\"wp-block-separator\"\/>\n\n\n\n<div class=\"wp-block-file\"><a href=\"http:\/\/www.osera.fr\/wp-content\/uploads\/2019\/02\/OS-COMMUNIQUE-RPN-Prime-except-DEF.pdf\">OS COMMUNIQUE RPN Prime except DEF<\/a><a href=\"http:\/\/www.osera.fr\/wp-content\/uploads\/2019\/02\/OS-COMMUNIQUE-RPN-Prime-except-DEF.pdf\" class=\"wp-block-file__button\" download>T\u00e9l\u00e9charger<\/a><\/div>\n\n\n\n<p><a href=\"#_ftnref1\">[1]<\/a>\nUn communiqu\u00e9 d\u2019appel sera publi\u00e9 prochainement <\/p>\n","protected":false},"excerpt":{"rendered":"<p>Devant le m\u00e9pris affich\u00e9 par le Minist\u00e8re et la direction de la S\u00e9curit\u00e9 Sociale en distribuant des miettes, la derni\u00e8re<\/p>\n","protected":false},"author":1,"featured_media":953,"comment_status":"open","ping_status":"open","sticky":false,"template":"","format":"standard","meta":{"_EventAllDay":false,"_EventTimezone":"","_EventStartDate":"","_EventEndDate":"","_EventStartDateUTC":"","_EventEndDateUTC":"","_EventShowMap":false,"_EventShowMapLink":false,"_EventURL":"","_EventCost":"","_EventCostDescription":"","_EventCurrencySymbol":"","_EventCurrencyCode":"","_EventCurrencyPosition":"","_EventDateTimeSeparator":"","_EventTimeRangeSeparator":"","_EventOrganizerID":[],"_EventVenueID":0,"_OrganizerEmail":"","_OrganizerPhone":"","_OrganizerWebsite":"","_VenueAddress":"","_VenueCity":"","_VenueCountry":"","_VenueProvince":"","_VenueZip":"","_VenuePhone":"","_VenueURL":"","_VenueStateProvince":"","_VenueLat":"","_VenueLng":"","footnotes":""},"categories":[3],"tags":[],"class_list":["post-951","post","type-post","status-publish","format-standard","has-post-thumbnail","hentry","category-fregional"],"_links":{"self":[{"href":"https:\/\/www.osera.fr\/index.php\/wp-json\/wp\/v2\/posts\/951","targetHints":{"allow":["GET"]}}],"collection":[{"href":"https:\/\/www.osera.fr\/index.php\/wp-json\/wp\/v2\/posts"}],"about":[{"href":"https:\/\/www.osera.fr\/index.php\/wp-json\/wp\/v2\/types\/post"}],"author":[{"embeddable":true,"href":"https:\/\/www.osera.fr\/index.php\/wp-json\/wp\/v2\/users\/1"}],"replies":[{"embeddable":true,"href":"https:\/\/www.osera.fr\/index.php\/wp-json\/wp\/v2\/comments?post=951"}],"version-history":[{"count":1,"href":"https:\/\/www.osera.fr\/index.php\/wp-json\/wp\/v2\/posts\/951\/revisions"}],"predecessor-version":[{"id":954,"href":"https:\/\/www.osera.fr\/index.php\/wp-json\/wp\/v2\/posts\/951\/revisions\/954"}],"wp:featuredmedia":[{"embeddable":true,"href":"https:\/\/www.osera.fr\/index.php\/wp-json\/wp\/v2\/media\/953"}],"wp:attachment":[{"href":"https:\/\/www.osera.fr\/index.php\/wp-json\/wp\/v2\/media?parent=951"}],"wp:term":[{"taxonomy":"category","embeddable":true,"href":"https:\/\/www.osera.fr\/index.php\/wp-json\/wp\/v2\/categories?post=951"},{"taxonomy":"post_tag","embeddable":true,"href":"https:\/\/www.osera.fr\/index.php\/wp-json\/wp\/v2\/tags?post=951"}],"curies":[{"name":"wp","href":"https:\/\/api.w.org\/{rel}","templated":true}]}}