{"id":891,"date":"2019-01-29T20:55:06","date_gmt":"2019-01-29T19:55:06","guid":{"rendered":"http:\/\/www.osera.fr\/?p=891"},"modified":"2019-01-29T20:55:07","modified_gmt":"2019-01-29T19:55:07","slug":"29-01-19-rassemblement-du-personnel-de-la-secu-a-lyon","status":"publish","type":"post","link":"https:\/\/www.osera.fr\/index.php\/2019\/01\/29\/29-01-19-rassemblement-du-personnel-de-la-secu-a-lyon\/","title":{"rendered":"29\/01\/19 RASSEMBLEMENT DU PERSONNEL DE LA SECU A LYON"},"content":{"rendered":"\n<p>Ce 29 janvier 2019, une soixantaine de salari\u00e9s des Caisses de S\u00e9curit\u00e9 Sociale se sont rassembl\u00e9s devant la pr\u00e9fecture \u00e0 Lyon, \u00e0 l&#8217;appel des syndicats CGT et FO.<\/p>\n\n\n\n<p>Une d\u00e9l\u00e9gation a \u00e9t\u00e9 re\u00e7ue par l&#8217;adjointe du Chef de Cabinet du Pr\u00e9fet de r\u00e9gion.<\/p>\n\n\n\n<p>Cette d\u00e9l\u00e9gation d&#8217;une dizaine de salari\u00e9s des diff\u00e9rents organismes de s\u00e9cu men\u00e9e par la CGT et FO est fortement intervenue sur la situation du personnel de l&#8217;ensemble des organismes de s\u00e9curit\u00e9 sociale (CAF &#8211; CARSAT &#8211; CPAM &#8211; UGECAM &#8211; URSSAF &#8211; SSI &#8211; MSA) notamment :<\/p>\n\n\n\n<p>La r\u00e9mun\u00e9ration gel\u00e9e depuis plusieurs ann\u00e9es, qui n&#8217;est pas \u00e0 la hauteur de la force de travail et de l&#8217;investissement des salari\u00e9s.<\/p>\n\n\n\n<p>l&#8217;insuffisance des effectifs, qui ne permet plus de rendre un service de qualit\u00e9. <\/p>\n\n\n\n<p>La fermeture des sites et leur centralisation sur les grosses agglom\u00e9rations engendrant des d\u00e9placements importants pour les salari\u00e9s comme pour les assur\u00e9s, allocataires, usagers.<\/p>\n\n\n\n<p>Le &#8220;tout internet&#8221; laissant pour compte une partie de la population et souvent la plus pr\u00e9caire.<\/p>\n\n\n\n<p>La sous dotation par l&#8217;ARS aux Etablissements de soins de la s\u00e9cu -UGECAM-les met en p\u00e9ril. Pour pallier cette situation, les directions rognent sur le temps de soins ce qui g\u00e9n\u00e8re souffrance tant des salari\u00e9s que des patients. Par ailleurs, le recrutement des personnels soignants est rendu difficile par leur niveau dans la grille de r\u00e9mun\u00e9ration &#8220;s\u00e9cu&#8221; qui est en dessous du personnel soignant des autres \u00e9tablissements publics ou priv\u00e9s. <br><\/p>\n\n\n\n<p>A la CAF 69 c&#8217;est 62 postes supprim\u00e9s depuis 2009 alors que le nombre d&#8217;allocataires \u00e0 \u00e9t\u00e9 multipli\u00e9 par 1,5 pendant la m\u00eame p\u00e9riode. La derni\u00e8re annonce concernant la prime d&#8217;activit\u00e9 augmente consid\u00e9rablement la charge de travail, sans qu&#8217;aucun moyen suppl\u00e9mentaire n&#8217;ait \u00e9t\u00e9 mis en place par le gouvernement.<\/p>\n\n\n\n<p>A la CPAM 69 c&#8217;est 150 postes supprim\u00e9s en 4 ans sans baisse de la charge de travail, l&#8217;int\u00e9gration de plusieurs mutuelles et prochainement du RSI, se font toujours sans ad\u00e9quation moyens et charge de travail.<\/p>\n\n\n\n<p>Le rapport LECOCQ qui pr\u00e9voit la disparition de la pr\u00e9vention de la CARSAT, ajoute au d\u00e9mant\u00e8lement de la S\u00e9curit\u00e9 Sociale et lui enl\u00e8ve de sa substance. La CARSAT conna\u00eet d&#8217;important retard dans le traitement des dossiers retraite qui ne peut se solutionner que par l&#8217;embauche de personnel en CDI. 50 % de ses points d&#8217;accueil ont \u00e9t\u00e9 supprim\u00e9s en Rh\u00f4ne Alpes.<\/p>\n\n\n\n<p>L&#8217;ensemble des Organismes de S\u00e9curit\u00e9 Sociale subissent le diktat de la Loi de Financement de la S\u00e9curit\u00e9 Sociale inscrit dans les Conventions d&#8217;Objectifs et de Gestion dont le seul mot d&#8217;ordre est \u00e9conomie de fonctionnement alors m\u00eame que celui-ci ne d\u00e9passe pas 3 %. <\/p>\n\n\n\n<p>L&#8217;adjointe au chef du cabinet du pr\u00e9fet de r\u00e9gion, nous a \u00e9cout\u00e9, a not\u00e9 nos interventions et nous a assur\u00e9 de la transmission de son compte rendu aupr\u00e8s du Minist\u00e8re.<\/p>\n\n\n\n<p>Le Minist\u00e8re qui a re\u00e7u, par la t\u00e9nacit\u00e9 de nos camarades, une d\u00e9l\u00e9gation intersyndicale cet apr\u00e8s-midi. (cf le r\u00e9sum\u00e9 CGT ci-apr\u00e8s.)<\/p>\n\n\n\n<div class=\"wp-block-file\"><a href=\"http:\/\/www.osera.fr\/wp-content\/uploads\/2019\/01\/FLASH-SPECIAL-RENCONTRE-MINIT\u00c8RE-SANT\u00c9-29.01.2019.pdf\">FLASH SPECIAL RENCONTRE MINIT\u00c8RE SANT\u00c9 29.01.2019<\/a><a href=\"http:\/\/www.osera.fr\/wp-content\/uploads\/2019\/01\/FLASH-SPECIAL-RENCONTRE-MINIT\u00c8RE-SANT\u00c9-29.01.2019.pdf\" class=\"wp-block-file__button\" download>T\u00e9l\u00e9charger<\/a><\/div>\n\n\n\n<div class=\"wp-block-file\"><a href=\"http:\/\/www.osera.fr\/wp-content\/uploads\/2019\/01\/20190129_112936.jpg\">20190129_112936<\/a><a href=\"http:\/\/www.osera.fr\/wp-content\/uploads\/2019\/01\/20190129_112936.jpg\" class=\"wp-block-file__button\" download>T\u00e9l\u00e9charger<\/a><\/div>\n\n\n\n<div class=\"wp-block-file\"><a href=\"http:\/\/www.osera.fr\/wp-content\/uploads\/2019\/01\/20190129_112928.jpg\">20190129_112928<\/a><a href=\"http:\/\/www.osera.fr\/wp-content\/uploads\/2019\/01\/20190129_112928.jpg\" class=\"wp-block-file__button\" download>T\u00e9l\u00e9charger<\/a><\/div>\n","protected":false},"excerpt":{"rendered":"<p>Ce 29 janvier 2019, une soixantaine de salari\u00e9s des Caisses de S\u00e9curit\u00e9 Sociale se sont rassembl\u00e9s devant la pr\u00e9fecture \u00e0<\/p>\n","protected":false},"author":1,"featured_media":892,"comment_status":"open","ping_status":"open","sticky":false,"template":"","format":"standard","meta":{"_EventAllDay":false,"_EventTimezone":"","_EventStartDate":"","_EventEndDate":"","_EventStartDateUTC":"","_EventEndDateUTC":"","_EventShowMap":false,"_EventShowMapLink":false,"_EventURL":"","_EventCost":"","_EventCostDescription":"","_EventCurrencySymbol":"","_EventCurrencyCode":"","_EventCurrencyPosition":"","_EventDateTimeSeparator":"","_EventTimeRangeSeparator":"","_EventOrganizerID":[],"_EventVenueID":0,"_OrganizerEmail":"","_OrganizerPhone":"","_OrganizerWebsite":"","_VenueAddress":"","_VenueCity":"","_VenueCountry":"","_VenueProvince":"","_VenueZip":"","_VenuePhone":"","_VenueURL":"","_VenueStateProvince":"","_VenueLat":"","_VenueLng":"","footnotes":""},"categories":[3],"tags":[],"class_list":["post-891","post","type-post","status-publish","format-standard","has-post-thumbnail","hentry","category-fregional"],"_links":{"self":[{"href":"https:\/\/www.osera.fr\/index.php\/wp-json\/wp\/v2\/posts\/891","targetHints":{"allow":["GET"]}}],"collection":[{"href":"https:\/\/www.osera.fr\/index.php\/wp-json\/wp\/v2\/posts"}],"about":[{"href":"https:\/\/www.osera.fr\/index.php\/wp-json\/wp\/v2\/types\/post"}],"author":[{"embeddable":true,"href":"https:\/\/www.osera.fr\/index.php\/wp-json\/wp\/v2\/users\/1"}],"replies":[{"embeddable":true,"href":"https:\/\/www.osera.fr\/index.php\/wp-json\/wp\/v2\/comments?post=891"}],"version-history":[{"count":1,"href":"https:\/\/www.osera.fr\/index.php\/wp-json\/wp\/v2\/posts\/891\/revisions"}],"predecessor-version":[{"id":896,"href":"https:\/\/www.osera.fr\/index.php\/wp-json\/wp\/v2\/posts\/891\/revisions\/896"}],"wp:featuredmedia":[{"embeddable":true,"href":"https:\/\/www.osera.fr\/index.php\/wp-json\/wp\/v2\/media\/892"}],"wp:attachment":[{"href":"https:\/\/www.osera.fr\/index.php\/wp-json\/wp\/v2\/media?parent=891"}],"wp:term":[{"taxonomy":"category","embeddable":true,"href":"https:\/\/www.osera.fr\/index.php\/wp-json\/wp\/v2\/categories?post=891"},{"taxonomy":"post_tag","embeddable":true,"href":"https:\/\/www.osera.fr\/index.php\/wp-json\/wp\/v2\/tags?post=891"}],"curies":[{"name":"wp","href":"https:\/\/api.w.org\/{rel}","templated":true}]}}