{"id":882,"date":"2019-01-23T15:01:44","date_gmt":"2019-01-23T14:01:44","guid":{"rendered":"http:\/\/www.osera.fr\/?p=882"},"modified":"2019-01-23T15:01:46","modified_gmt":"2019-01-23T14:01:46","slug":"position-de-la-cgt-cpam-26-face-aux-mouvements-des-gilets-jaunes","status":"publish","type":"post","link":"https:\/\/www.osera.fr\/index.php\/2019\/01\/23\/position-de-la-cgt-cpam-26-face-aux-mouvements-des-gilets-jaunes\/","title":{"rendered":"Position de la CGT CPAM 26 face aux mouvements des gilets jaunes"},"content":{"rendered":"\n<figure class=\"wp-block-image\"><img loading=\"lazy\" decoding=\"async\" width=\"1024\" height=\"220\" src=\"http:\/\/www.osera.fr\/wp-content\/uploads\/2019\/01\/Logo-CGT-CPAM-Flash-News-1024x220.jpg\" alt=\"\" class=\"wp-image-883\" srcset=\"https:\/\/www.osera.fr\/wp-content\/uploads\/2019\/01\/Logo-CGT-CPAM-Flash-News-1024x220.jpg 1024w, https:\/\/www.osera.fr\/wp-content\/uploads\/2019\/01\/Logo-CGT-CPAM-Flash-News-300x64.jpg 300w, https:\/\/www.osera.fr\/wp-content\/uploads\/2019\/01\/Logo-CGT-CPAM-Flash-News-768x165.jpg 768w, https:\/\/www.osera.fr\/wp-content\/uploads\/2019\/01\/Logo-CGT-CPAM-Flash-News.jpg 2012w\" sizes=\"auto, (max-width: 1024px) 100vw, 1024px\" \/><\/figure>\n\n\n\n<p>Hier le 22\/01\/2019, s&#8217;est tenue une AG des syndicats CGT Dr\u00f4mois \u00e0 l&#8217;Union D\u00e9partemental CGT 26 (Notre syndicat y a particip\u00e9) sur la position de la CGT face aux mouvements des gilets jaunes.<\/p>\n\n\n\n<p><em><strong>L&#8217;assembl\u00e9e g\u00e9n\u00e9rale a pris la\nd\u00e9cision de soutenir le mouvement des gilets jaunes <\/strong><\/em><\/p>\n\n\n\n<p><em><strong>et invite les militants CGT&nbsp;\u00e0 y\nparticiper d\u00e8s samedi 26 janvier 2019.<\/strong><\/em><\/p>\n\n\n\n<p>Un\ncommuniqu\u00e9 va \u00eatre fait par l&#8217;UD CGT 26 et vous sera transmis ainsi qu&#8217;\u00e0 tous\nle personnel de la Caisse.&nbsp;<\/p>\n\n\n\n<p>Fraternellement<\/p>\n\n\n\n<p><strong>La CGT CPAM 26<\/strong><\/p>\n","protected":false},"excerpt":{"rendered":"<p>Hier le 22\/01\/2019, s&#8217;est tenue une AG des syndicats CGT Dr\u00f4mois \u00e0 l&#8217;Union D\u00e9partemental CGT 26 (Notre syndicat y a<\/p>\n","protected":false},"author":4,"featured_media":0,"comment_status":"open","ping_status":"open","sticky":false,"template":"","format":"standard","meta":{"_EventAllDay":false,"_EventTimezone":"","_EventStartDate":"","_EventEndDate":"","_EventStartDateUTC":"","_EventEndDateUTC":"","_EventShowMap":false,"_EventShowMapLink":false,"_EventURL":"","_EventCost":"","_EventCostDescription":"","_EventCurrencySymbol":"","_EventCurrencyCode":"","_EventCurrencyPosition":"","_EventDateTimeSeparator":"","_EventTimeRangeSeparator":"","_EventOrganizerID":[],"_EventVenueID":0,"_OrganizerEmail":"","_OrganizerPhone":"","_OrganizerWebsite":"","_VenueAddress":"","_VenueCity":"","_VenueCountry":"","_VenueProvince":"","_VenueZip":"","_VenuePhone":"","_VenueURL":"","_VenueStateProvince":"","_VenueLat":"","_VenueLng":"","footnotes":""},"categories":[5],"tags":[],"class_list":["post-882","post","type-post","status-publish","format-standard","hentry","category-ca-se-passe-dans-ma-caisse"],"_links":{"self":[{"href":"https:\/\/www.osera.fr\/index.php\/wp-json\/wp\/v2\/posts\/882","targetHints":{"allow":["GET"]}}],"collection":[{"href":"https:\/\/www.osera.fr\/index.php\/wp-json\/wp\/v2\/posts"}],"about":[{"href":"https:\/\/www.osera.fr\/index.php\/wp-json\/wp\/v2\/types\/post"}],"author":[{"embeddable":true,"href":"https:\/\/www.osera.fr\/index.php\/wp-json\/wp\/v2\/users\/4"}],"replies":[{"embeddable":true,"href":"https:\/\/www.osera.fr\/index.php\/wp-json\/wp\/v2\/comments?post=882"}],"version-history":[{"count":1,"href":"https:\/\/www.osera.fr\/index.php\/wp-json\/wp\/v2\/posts\/882\/revisions"}],"predecessor-version":[{"id":884,"href":"https:\/\/www.osera.fr\/index.php\/wp-json\/wp\/v2\/posts\/882\/revisions\/884"}],"wp:attachment":[{"href":"https:\/\/www.osera.fr\/index.php\/wp-json\/wp\/v2\/media?parent=882"}],"wp:term":[{"taxonomy":"category","embeddable":true,"href":"https:\/\/www.osera.fr\/index.php\/wp-json\/wp\/v2\/categories?post=882"},{"taxonomy":"post_tag","embeddable":true,"href":"https:\/\/www.osera.fr\/index.php\/wp-json\/wp\/v2\/tags?post=882"}],"curies":[{"name":"wp","href":"https:\/\/api.w.org\/{rel}","templated":true}]}}