{"id":877,"date":"2019-01-22T18:26:55","date_gmt":"2019-01-22T17:26:55","guid":{"rendered":"http:\/\/www.osera.fr\/?p=877"},"modified":"2019-01-22T18:26:56","modified_gmt":"2019-01-22T17:26:56","slug":"soyons-nombreux-le-29-01-19-devant-la-prefecture-a-lyon-a-partir-de-11-heures","status":"publish","type":"post","link":"https:\/\/www.osera.fr\/index.php\/2019\/01\/22\/soyons-nombreux-le-29-01-19-devant-la-prefecture-a-lyon-a-partir-de-11-heures\/","title":{"rendered":"SOYONS NOMBREUX LE 29.01.19 DEVANT LA PREFECTURE A LYON A PARTIR DE 11 Heures."},"content":{"rendered":"\n<p>Les syndicats CGT des Organismes de S\u00e9curit\u00e9 Sociale du Rh\u00f4ne appellent le personnel \u00e0 se rassembler massivement devant la pr\u00e9fecture du Rh\u00f4ne \u00e0 Lyon le 29 janvier prochain \u00e0 partir de 11 heures.<\/p>\n\n\n\n<p>Une demande de rencontre d&#8217;une d\u00e9l\u00e9gation du personnel gr\u00e9viste a \u00e9t\u00e9 d\u00e9pos\u00e9, en intersyndicale r\u00e9gionale CGT et FO, aupr\u00e8s du Pr\u00e9fet.<\/p>\n\n\n\n<p>Le personnel exige :<\/p>\n\n\n\n<ul class=\"wp-block-list\"><li><strong>L\u2019augmentation significative de la valeur du point et\nSalaire Minimum Professionnel Garanti \u00e0 2000\u20ac bruts ; <\/strong><\/li><li><strong>L\u2019attribution de mesures imm\u00e9diates pour tous les\nsalari\u00e9s en rattrapage de la perte du pouvoir d\u2019achat ; <\/strong><\/li><li><strong>L\u2019arr\u00eat des suppressions de postes et le remplacement\nde tous les d\u00e9parts par des embauches en CDI ; <\/strong><\/li><li><strong>La mise en place d\u2019une classification qui permette un\nv\u00e9ritable d\u00e9roulement de carri\u00e8re avec la reconnaissance des comp\u00e9tences, des\nqualifications et des dipl\u00f4mes ; <\/strong><\/li><li><strong>Le respect et maintien de toutes les dispositions de\nla Convention Collective Nationale. <\/strong><\/li><\/ul>\n\n\n\n<div class=\"wp-block-file\"><a href=\"http:\/\/www.osera.fr\/wp-content\/uploads\/2019\/01\/appel-commun-cgt-et-fo-rhone-alpes-greve-29-01-19.odt\">appel commun cgt et fo rhone alpes greve 29 01 19<\/a><a href=\"http:\/\/www.osera.fr\/wp-content\/uploads\/2019\/01\/appel-commun-cgt-et-fo-rhone-alpes-greve-29-01-19.odt\" class=\"wp-block-file__button\" download>T\u00e9l\u00e9charger<\/a><\/div>\n\n\n\n<div class=\"wp-block-file\"><a href=\"http:\/\/www.osera.fr\/wp-content\/uploads\/2019\/01\/DEMANDE-ENTREVUE-PREFECTURE.odt\">DEMANDE ENTREVUE PREFECTURE<\/a><a href=\"http:\/\/www.osera.fr\/wp-content\/uploads\/2019\/01\/DEMANDE-ENTREVUE-PREFECTURE.odt\" class=\"wp-block-file__button\" download>T\u00e9l\u00e9charger<\/a><\/div>\n","protected":false},"excerpt":{"rendered":"<p>Les syndicats CGT des Organismes de S\u00e9curit\u00e9 Sociale du Rh\u00f4ne appellent le personnel \u00e0 se rassembler massivement devant la pr\u00e9fecture<\/p>\n","protected":false},"author":1,"featured_media":850,"comment_status":"open","ping_status":"open","sticky":false,"template":"","format":"standard","meta":{"_EventAllDay":false,"_EventTimezone":"","_EventStartDate":"","_EventEndDate":"","_EventStartDateUTC":"","_EventEndDateUTC":"","_EventShowMap":false,"_EventShowMapLink":false,"_EventURL":"","_EventCost":"","_EventCostDescription":"","_EventCurrencySymbol":"","_EventCurrencyCode":"","_EventCurrencyPosition":"","_EventDateTimeSeparator":"","_EventTimeRangeSeparator":"","_EventOrganizerID":[],"_EventVenueID":0,"_OrganizerEmail":"","_OrganizerPhone":"","_OrganizerWebsite":"","_VenueAddress":"","_VenueCity":"","_VenueCountry":"","_VenueProvince":"","_VenueZip":"","_VenuePhone":"","_VenueURL":"","_VenueStateProvince":"","_VenueLat":"","_VenueLng":"","footnotes":""},"categories":[3],"tags":[],"class_list":["post-877","post","type-post","status-publish","format-standard","has-post-thumbnail","hentry","category-fregional"],"_links":{"self":[{"href":"https:\/\/www.osera.fr\/index.php\/wp-json\/wp\/v2\/posts\/877","targetHints":{"allow":["GET"]}}],"collection":[{"href":"https:\/\/www.osera.fr\/index.php\/wp-json\/wp\/v2\/posts"}],"about":[{"href":"https:\/\/www.osera.fr\/index.php\/wp-json\/wp\/v2\/types\/post"}],"author":[{"embeddable":true,"href":"https:\/\/www.osera.fr\/index.php\/wp-json\/wp\/v2\/users\/1"}],"replies":[{"embeddable":true,"href":"https:\/\/www.osera.fr\/index.php\/wp-json\/wp\/v2\/comments?post=877"}],"version-history":[{"count":1,"href":"https:\/\/www.osera.fr\/index.php\/wp-json\/wp\/v2\/posts\/877\/revisions"}],"predecessor-version":[{"id":880,"href":"https:\/\/www.osera.fr\/index.php\/wp-json\/wp\/v2\/posts\/877\/revisions\/880"}],"wp:featuredmedia":[{"embeddable":true,"href":"https:\/\/www.osera.fr\/index.php\/wp-json\/wp\/v2\/media\/850"}],"wp:attachment":[{"href":"https:\/\/www.osera.fr\/index.php\/wp-json\/wp\/v2\/media?parent=877"}],"wp:term":[{"taxonomy":"category","embeddable":true,"href":"https:\/\/www.osera.fr\/index.php\/wp-json\/wp\/v2\/categories?post=877"},{"taxonomy":"post_tag","embeddable":true,"href":"https:\/\/www.osera.fr\/index.php\/wp-json\/wp\/v2\/tags?post=877"}],"curies":[{"name":"wp","href":"https:\/\/api.w.org\/{rel}","templated":true}]}}