{"id":870,"date":"2019-01-22T18:18:32","date_gmt":"2019-01-22T17:18:32","guid":{"rendered":"http:\/\/www.osera.fr\/?p=870"},"modified":"2019-01-22T18:18:32","modified_gmt":"2019-01-22T17:18:32","slug":"le-personnel-des-organismes-de-securite-sociale-en-greve-le-29-janvier-2019","status":"publish","type":"post","link":"https:\/\/www.osera.fr\/index.php\/2019\/01\/22\/le-personnel-des-organismes-de-securite-sociale-en-greve-le-29-janvier-2019\/","title":{"rendered":"Le Personnel des Organismes de S\u00e9curit\u00e9 Sociale en gr\u00e8ve le 29 JANVIER 2019"},"content":{"rendered":"\n<p><br><\/p>\n\n\n\n<p>Le mardi 29 janvier prochain, le Personnel des Organismes de S\u00e9curit\u00e9 Sociale -CPAM, CARSAT, CAF, URSSAF, UGECAM, RSI et MSA, seront en gr\u00e8ve \u00e0 l&#8217;appel de l&#8217;intersyndicale f\u00e9d\u00e9rale CGT, Solidaires, FO, CFTC, CFDT.<\/p>\n\n\n\n<p>Ci-dessous tract CGT, communiqu\u00e9 intersyndical et le courrier commun \u00e0 Mme BUZIN.<\/p>\n\n\n\n<div class=\"wp-block-file\"><a href=\"http:\/\/www.osera.fr\/wp-content\/uploads\/2019\/01\/Tract-CGT-29-janiver-2019-2.pdf\">Tract CGT 29 janiver 2019 (2)<\/a><a href=\"http:\/\/www.osera.fr\/wp-content\/uploads\/2019\/01\/Tract-CGT-29-janiver-2019-2.pdf\" class=\"wp-block-file__button\" download>T\u00e9l\u00e9charger<\/a><\/div>\n\n\n\n<div class=\"wp-block-file\"><a href=\"http:\/\/www.osera.fr\/wp-content\/uploads\/2019\/01\/INTERSYNDICALE-communiqu\u00e9-inter-15-janvier.pdf\">INTERSYNDICALE communiqu\u00e9 inter 15 janvier<\/a><a href=\"http:\/\/www.osera.fr\/wp-content\/uploads\/2019\/01\/INTERSYNDICALE-communiqu\u00e9-inter-15-janvier.pdf\" class=\"wp-block-file__button\" download>T\u00e9l\u00e9charger<\/a><\/div>\n\n\n\n<div class=\"wp-block-file\"><a href=\"http:\/\/www.osera.fr\/wp-content\/uploads\/2019\/01\/CO-INTERSYNDICALE-Communue-\u00e0-Mme-la-Ministre-16.01.2019.pdf\">CO INTERSYNDICALE Communue \u00e0 Mme la Ministre 16.01.2019<\/a><a href=\"http:\/\/www.osera.fr\/wp-content\/uploads\/2019\/01\/CO-INTERSYNDICALE-Communue-\u00e0-Mme-la-Ministre-16.01.2019.pdf\" class=\"wp-block-file__button\" download>T\u00e9l\u00e9charger<\/a><\/div>\n","protected":false},"excerpt":{"rendered":"<p>Le mardi 29 janvier prochain, le Personnel des Organismes de S\u00e9curit\u00e9 Sociale -CPAM, CARSAT, CAF, URSSAF, UGECAM, RSI et MSA,<\/p>\n","protected":false},"author":1,"featured_media":871,"comment_status":"open","ping_status":"open","sticky":false,"template":"","format":"standard","meta":{"_EventAllDay":false,"_EventTimezone":"","_EventStartDate":"","_EventEndDate":"","_EventStartDateUTC":"","_EventEndDateUTC":"","_EventShowMap":false,"_EventShowMapLink":false,"_EventURL":"","_EventCost":"","_EventCostDescription":"","_EventCurrencySymbol":"","_EventCurrencyCode":"","_EventCurrencyPosition":"","_EventDateTimeSeparator":"","_EventTimeRangeSeparator":"","_EventOrganizerID":[],"_EventVenueID":0,"_OrganizerEmail":"","_OrganizerPhone":"","_OrganizerWebsite":"","_VenueAddress":"","_VenueCity":"","_VenueCountry":"","_VenueProvince":"","_VenueZip":"","_VenuePhone":"","_VenueURL":"","_VenueStateProvince":"","_VenueLat":"","_VenueLng":"","footnotes":""},"categories":[3],"tags":[],"class_list":["post-870","post","type-post","status-publish","format-standard","has-post-thumbnail","hentry","category-fregional"],"_links":{"self":[{"href":"https:\/\/www.osera.fr\/index.php\/wp-json\/wp\/v2\/posts\/870","targetHints":{"allow":["GET"]}}],"collection":[{"href":"https:\/\/www.osera.fr\/index.php\/wp-json\/wp\/v2\/posts"}],"about":[{"href":"https:\/\/www.osera.fr\/index.php\/wp-json\/wp\/v2\/types\/post"}],"author":[{"embeddable":true,"href":"https:\/\/www.osera.fr\/index.php\/wp-json\/wp\/v2\/users\/1"}],"replies":[{"embeddable":true,"href":"https:\/\/www.osera.fr\/index.php\/wp-json\/wp\/v2\/comments?post=870"}],"version-history":[{"count":2,"href":"https:\/\/www.osera.fr\/index.php\/wp-json\/wp\/v2\/posts\/870\/revisions"}],"predecessor-version":[{"id":876,"href":"https:\/\/www.osera.fr\/index.php\/wp-json\/wp\/v2\/posts\/870\/revisions\/876"}],"wp:featuredmedia":[{"embeddable":true,"href":"https:\/\/www.osera.fr\/index.php\/wp-json\/wp\/v2\/media\/871"}],"wp:attachment":[{"href":"https:\/\/www.osera.fr\/index.php\/wp-json\/wp\/v2\/media?parent=870"}],"wp:term":[{"taxonomy":"category","embeddable":true,"href":"https:\/\/www.osera.fr\/index.php\/wp-json\/wp\/v2\/categories?post=870"},{"taxonomy":"post_tag","embeddable":true,"href":"https:\/\/www.osera.fr\/index.php\/wp-json\/wp\/v2\/tags?post=870"}],"curies":[{"name":"wp","href":"https:\/\/api.w.org\/{rel}","templated":true}]}}