{"id":809,"date":"2018-12-10T16:59:36","date_gmt":"2018-12-10T15:59:36","guid":{"rendered":"http:\/\/www.osera.fr\/?p=809"},"modified":"2018-12-10T16:59:36","modified_gmt":"2018-12-10T15:59:36","slug":"la-cpam-74-en-greve-le-18-decembre-mais-egalement-les-24-et-31-decembre","status":"publish","type":"post","link":"https:\/\/www.osera.fr\/index.php\/2018\/12\/10\/la-cpam-74-en-greve-le-18-decembre-mais-egalement-les-24-et-31-decembre\/","title":{"rendered":"LA CPAM 74 EN GREVE LE 18 DECEMBRE MAIS EGALEMENT LES 24 et 31 DECEMBRE"},"content":{"rendered":"<p>Devant le m\u00e9pris affich\u00e9 par leur direction, les salari\u00e9s de la CPAM de HAUTE SAVOIE se mobilise et compte bien se faire entendre.<\/p>\n<p><a href=\"http:\/\/www.osera.fr\/wp-content\/uploads\/2018\/12\/TractMasse.pdf\">TractMasse<\/a><\/p>\n<p><a href=\"http:\/\/www.osera.fr\/wp-content\/uploads\/2018\/12\/Pourenfinir.pdf\">Pourenfinir<\/a><\/p>\n","protected":false},"excerpt":{"rendered":"<p>Devant le m\u00e9pris affich\u00e9 par leur direction, les salari\u00e9s de la CPAM de HAUTE SAVOIE se mobilise et compte bien<\/p>\n","protected":false},"author":1,"featured_media":483,"comment_status":"open","ping_status":"open","sticky":false,"template":"","format":"standard","meta":{"_EventAllDay":false,"_EventTimezone":"","_EventStartDate":"","_EventEndDate":"","_EventStartDateUTC":"","_EventEndDateUTC":"","_EventShowMap":false,"_EventShowMapLink":false,"_EventURL":"","_EventCost":"","_EventCostDescription":"","_EventCurrencySymbol":"","_EventCurrencyCode":"","_EventCurrencyPosition":"","_EventDateTimeSeparator":"","_EventTimeRangeSeparator":"","_EventOrganizerID":[],"_EventVenueID":0,"_OrganizerEmail":"","_OrganizerPhone":"","_OrganizerWebsite":"","_VenueAddress":"","_VenueCity":"","_VenueCountry":"","_VenueProvince":"","_VenueZip":"","_VenuePhone":"","_VenueURL":"","_VenueStateProvince":"","_VenueLat":"","_VenueLng":"","footnotes":""},"categories":[4],"tags":[],"class_list":["post-809","post","type-post","status-publish","format-standard","has-post-thumbnail","hentry","category-luttes"],"_links":{"self":[{"href":"https:\/\/www.osera.fr\/index.php\/wp-json\/wp\/v2\/posts\/809","targetHints":{"allow":["GET"]}}],"collection":[{"href":"https:\/\/www.osera.fr\/index.php\/wp-json\/wp\/v2\/posts"}],"about":[{"href":"https:\/\/www.osera.fr\/index.php\/wp-json\/wp\/v2\/types\/post"}],"author":[{"embeddable":true,"href":"https:\/\/www.osera.fr\/index.php\/wp-json\/wp\/v2\/users\/1"}],"replies":[{"embeddable":true,"href":"https:\/\/www.osera.fr\/index.php\/wp-json\/wp\/v2\/comments?post=809"}],"version-history":[{"count":1,"href":"https:\/\/www.osera.fr\/index.php\/wp-json\/wp\/v2\/posts\/809\/revisions"}],"predecessor-version":[{"id":813,"href":"https:\/\/www.osera.fr\/index.php\/wp-json\/wp\/v2\/posts\/809\/revisions\/813"}],"wp:featuredmedia":[{"embeddable":true,"href":"https:\/\/www.osera.fr\/index.php\/wp-json\/wp\/v2\/media\/483"}],"wp:attachment":[{"href":"https:\/\/www.osera.fr\/index.php\/wp-json\/wp\/v2\/media?parent=809"}],"wp:term":[{"taxonomy":"category","embeddable":true,"href":"https:\/\/www.osera.fr\/index.php\/wp-json\/wp\/v2\/categories?post=809"},{"taxonomy":"post_tag","embeddable":true,"href":"https:\/\/www.osera.fr\/index.php\/wp-json\/wp\/v2\/tags?post=809"}],"curies":[{"name":"wp","href":"https:\/\/api.w.org\/{rel}","templated":true}]}}