{"id":800,"date":"2018-12-10T15:55:36","date_gmt":"2018-12-10T14:55:36","guid":{"rendered":"http:\/\/www.osera.fr\/?p=800"},"modified":"2018-12-10T15:55:36","modified_gmt":"2018-12-10T14:55:36","slug":"le-29-novembre-2018-une-mobilisation-qui-fera-date-devant-la-cpam-de-la-loire","status":"publish","type":"post","link":"https:\/\/www.osera.fr\/index.php\/2018\/12\/10\/le-29-novembre-2018-une-mobilisation-qui-fera-date-devant-la-cpam-de-la-loire\/","title":{"rendered":"LE 29 NOVEMBRE 2018 UNE MOBILISATION QUI FERA DATE DEVANT LA CPAM DE LA LOIRE"},"content":{"rendered":"<p>Oui le 29 novembre aura \u00e9t\u00e9 une grande journ\u00e9e avec l&#8217;implication du plus grand nombre, Personnel de la CPAM, de la DRSM, de la CAF, Assur\u00e9s Sociaux&#8230;<\/p>\n<p><a href=\"http:\/\/www.osera.fr\/wp-content\/uploads\/2018\/12\/T-291118.pdf\">T 291118<\/a><\/p>\n<p>&nbsp;<\/p>\n","protected":false},"excerpt":{"rendered":"<p>Oui le 29 novembre aura \u00e9t\u00e9 une grande journ\u00e9e avec l&#8217;implication du plus grand nombre, Personnel de la CPAM, de<\/p>\n","protected":false},"author":1,"featured_media":753,"comment_status":"open","ping_status":"open","sticky":false,"template":"","format":"standard","meta":{"_EventAllDay":false,"_EventTimezone":"","_EventStartDate":"","_EventEndDate":"","_EventStartDateUTC":"","_EventEndDateUTC":"","_EventShowMap":false,"_EventShowMapLink":false,"_EventURL":"","_EventCost":"","_EventCostDescription":"","_EventCurrencySymbol":"","_EventCurrencyCode":"","_EventCurrencyPosition":"","_EventDateTimeSeparator":"","_EventTimeRangeSeparator":"","_EventOrganizerID":[],"_EventVenueID":0,"_OrganizerEmail":"","_OrganizerPhone":"","_OrganizerWebsite":"","_VenueAddress":"","_VenueCity":"","_VenueCountry":"","_VenueProvince":"","_VenueZip":"","_VenuePhone":"","_VenueURL":"","_VenueStateProvince":"","_VenueLat":"","_VenueLng":"","footnotes":""},"categories":[4],"tags":[],"class_list":["post-800","post","type-post","status-publish","format-standard","has-post-thumbnail","hentry","category-luttes"],"_links":{"self":[{"href":"https:\/\/www.osera.fr\/index.php\/wp-json\/wp\/v2\/posts\/800","targetHints":{"allow":["GET"]}}],"collection":[{"href":"https:\/\/www.osera.fr\/index.php\/wp-json\/wp\/v2\/posts"}],"about":[{"href":"https:\/\/www.osera.fr\/index.php\/wp-json\/wp\/v2\/types\/post"}],"author":[{"embeddable":true,"href":"https:\/\/www.osera.fr\/index.php\/wp-json\/wp\/v2\/users\/1"}],"replies":[{"embeddable":true,"href":"https:\/\/www.osera.fr\/index.php\/wp-json\/wp\/v2\/comments?post=800"}],"version-history":[{"count":2,"href":"https:\/\/www.osera.fr\/index.php\/wp-json\/wp\/v2\/posts\/800\/revisions"}],"predecessor-version":[{"id":803,"href":"https:\/\/www.osera.fr\/index.php\/wp-json\/wp\/v2\/posts\/800\/revisions\/803"}],"wp:featuredmedia":[{"embeddable":true,"href":"https:\/\/www.osera.fr\/index.php\/wp-json\/wp\/v2\/media\/753"}],"wp:attachment":[{"href":"https:\/\/www.osera.fr\/index.php\/wp-json\/wp\/v2\/media?parent=800"}],"wp:term":[{"taxonomy":"category","embeddable":true,"href":"https:\/\/www.osera.fr\/index.php\/wp-json\/wp\/v2\/categories?post=800"},{"taxonomy":"post_tag","embeddable":true,"href":"https:\/\/www.osera.fr\/index.php\/wp-json\/wp\/v2\/tags?post=800"}],"curies":[{"name":"wp","href":"https:\/\/api.w.org\/{rel}","templated":true}]}}