{"id":656,"date":"2018-10-23T13:57:35","date_gmt":"2018-10-23T11:57:35","guid":{"rendered":"http:\/\/www.osera.fr\/?p=656"},"modified":"2018-10-23T13:57:35","modified_gmt":"2018-10-23T11:57:35","slug":"assemblee-generale-du-personnel-a-la-cpam-loire","status":"publish","type":"post","link":"https:\/\/www.osera.fr\/index.php\/2018\/10\/23\/assemblee-generale-du-personnel-a-la-cpam-loire\/","title":{"rendered":"ASSEMBLEE GENERALE DU PERSONNEL A LA CPAM LOIRE"},"content":{"rendered":"<p>Apr\u00e8s une forte mobilisation du Personnel le 4 octobre dernier, la CGT et SUD ont propos\u00e9 une Assembl\u00e9e G\u00e9n\u00e9rale du Personnel le 16 Octobre \u00e0 Saint-Etienne et Roanne.<\/p>\n<p style=\"padding-left: 30px;\">Ensemble ils ont fait le point sur toutes les d\u00e9gradations des conditions de travail depuis<br \/>\n2015 :<br \/>\n\u2022 Suppression de certaines formules concernant les contrats \u00e0 temps partiel<br \/>\n\u2022 D\u00e9nonciation diff\u00e9rents usages (dont les 48h)<br \/>\n\u2022 Suppression des cong\u00e9s mobiles en heures<br \/>\n\u2022 Licenciements pour inaptitude sans reclassement possible<br \/>\n\u2022 Proc\u00e9dures disciplinaires,<br \/>\n\u2022 Suppression des tickets restaurant papier,<br \/>\n\u2022 Refonte et instauration \u00e0 venir d\u2019un r\u00e8glement int\u00e9rieur r\u00e9pressif \u2026<br \/>\n<strong>Cette liste n\u2019est pas exhaustive.<\/strong><\/p>\n<p style=\"padding-left: 30px;\">\nLe ressenti g\u00e9n\u00e9ral est le m\u00eame pour tous :<br \/>\n<span style=\"color: #ff0000;\"><strong>La pression s\u2019accro\u00eet de jour en jour, la culpabilisation et la suspicion font parties dor\u00e9navant<\/strong><\/span><br \/>\n<span style=\"color: #ff0000;\"><strong>de notre quotidien. La menace est r\u00e9elle et constante \u00e0 tous les niveaux.<\/strong><\/span><br \/>\nLes AG ont aussi prouv\u00e9 que tous avaient encore de la conscience professionnelle, avec un r\u00e9el et fort souci du service rendu \u00e0 l\u2019assur\u00e9. Tous refusent les d\u00e9gradations du service rendu.<br \/>\n<strong>Ils ont \u00e9voqu\u00e9 certaines pistes d\u2019action. Certaines ont \u00e9t\u00e9 act\u00e9es et nous travaillons d\u2019ores et<\/strong><br \/>\n<strong>d\u00e9j\u00e0 en ce sens.<\/strong><\/p>\n<p>&nbsp;<\/p>\n<p><a href=\"http:\/\/www.osera.fr\/wp-content\/uploads\/2018\/10\/tract-111018.pdf\">tract 111018<\/a><\/p>\n<p><a href=\"http:\/\/www.osera.fr\/wp-content\/uploads\/2018\/10\/tract-171018-2-1.pdf\">tract 171018 2 (1)<\/a><\/p>\n<p><a href=\"http:\/\/www.osera.fr\/wp-content\/uploads\/2018\/10\/tract-181018.pdf\">tract 181018<\/a><\/p>\n","protected":false},"excerpt":{"rendered":"<p>Apr\u00e8s une forte mobilisation du Personnel le 4 octobre dernier, la CGT et SUD ont propos\u00e9 une Assembl\u00e9e G\u00e9n\u00e9rale du<\/p>\n","protected":false},"author":1,"featured_media":595,"comment_status":"open","ping_status":"open","sticky":false,"template":"","format":"standard","meta":{"_EventAllDay":false,"_EventTimezone":"","_EventStartDate":"","_EventEndDate":"","_EventStartDateUTC":"","_EventEndDateUTC":"","_EventShowMap":false,"_EventShowMapLink":false,"_EventURL":"","_EventCost":"","_EventCostDescription":"","_EventCurrencySymbol":"","_EventCurrencyCode":"","_EventCurrencyPosition":"","_EventDateTimeSeparator":"","_EventTimeRangeSeparator":"","_EventOrganizerID":[],"_EventVenueID":0,"_OrganizerEmail":"","_OrganizerPhone":"","_OrganizerWebsite":"","_VenueAddress":"","_VenueCity":"","_VenueCountry":"","_VenueProvince":"","_VenueZip":"","_VenuePhone":"","_VenueURL":"","_VenueStateProvince":"","_VenueLat":"","_VenueLng":"","footnotes":""},"categories":[5],"tags":[],"class_list":["post-656","post","type-post","status-publish","format-standard","has-post-thumbnail","hentry","category-ca-se-passe-dans-ma-caisse"],"_links":{"self":[{"href":"https:\/\/www.osera.fr\/index.php\/wp-json\/wp\/v2\/posts\/656","targetHints":{"allow":["GET"]}}],"collection":[{"href":"https:\/\/www.osera.fr\/index.php\/wp-json\/wp\/v2\/posts"}],"about":[{"href":"https:\/\/www.osera.fr\/index.php\/wp-json\/wp\/v2\/types\/post"}],"author":[{"embeddable":true,"href":"https:\/\/www.osera.fr\/index.php\/wp-json\/wp\/v2\/users\/1"}],"replies":[{"embeddable":true,"href":"https:\/\/www.osera.fr\/index.php\/wp-json\/wp\/v2\/comments?post=656"}],"version-history":[{"count":1,"href":"https:\/\/www.osera.fr\/index.php\/wp-json\/wp\/v2\/posts\/656\/revisions"}],"predecessor-version":[{"id":660,"href":"https:\/\/www.osera.fr\/index.php\/wp-json\/wp\/v2\/posts\/656\/revisions\/660"}],"wp:featuredmedia":[{"embeddable":true,"href":"https:\/\/www.osera.fr\/index.php\/wp-json\/wp\/v2\/media\/595"}],"wp:attachment":[{"href":"https:\/\/www.osera.fr\/index.php\/wp-json\/wp\/v2\/media?parent=656"}],"wp:term":[{"taxonomy":"category","embeddable":true,"href":"https:\/\/www.osera.fr\/index.php\/wp-json\/wp\/v2\/categories?post=656"},{"taxonomy":"post_tag","embeddable":true,"href":"https:\/\/www.osera.fr\/index.php\/wp-json\/wp\/v2\/tags?post=656"}],"curies":[{"name":"wp","href":"https:\/\/api.w.org\/{rel}","templated":true}]}}