{"id":652,"date":"2018-10-23T11:43:17","date_gmt":"2018-10-23T09:43:17","guid":{"rendered":"http:\/\/www.osera.fr\/?p=652"},"modified":"2018-10-23T11:43:17","modified_gmt":"2018-10-23T09:43:17","slug":"non-au-licenciement-de-ludovic-mourault-delegue-cgt-de-la-mission-locale-plateau-picard-oise","status":"publish","type":"post","link":"https:\/\/www.osera.fr\/index.php\/2018\/10\/23\/non-au-licenciement-de-ludovic-mourault-delegue-cgt-de-la-mission-locale-plateau-picard-oise\/","title":{"rendered":"Non au Licenciement de Ludovic Mourault ! D\u00e9l\u00e9gu\u00e9 CGT de la Mission locale Plateau Picard \u2013 (Oise) !"},"content":{"rendered":"<h1>Son crime :<strong><span style=\"color: #ff0000;\"> \u00eatre repr\u00e9sentant du personnel CGT !<\/span><\/strong><\/h1>\n<p><strong>Y\u2019en a assez de la discrimination Anti-CGT <\/strong><strong>dans le r\u00e9seau des Missions Locales !<\/strong><\/p>\n<p>&nbsp;<\/p>\n<p><a href=\"http:\/\/www.osera.fr\/wp-content\/uploads\/2018\/10\/Flash-CGT-Soutien-\u00e0-Ludo-ML-Plateau-Picard-15-Oct-2018.pdf\">Flash CGT &#8211; Soutien \u00e0 Ludo &#8211; ML Plateau Picard &#8211; 15 Oct 2018<\/a><\/p>\n","protected":false},"excerpt":{"rendered":"<p>Son crime : \u00eatre repr\u00e9sentant du personnel CGT ! Y\u2019en a assez de la discrimination Anti-CGT dans le r\u00e9seau des<\/p>\n","protected":false},"author":1,"featured_media":654,"comment_status":"open","ping_status":"open","sticky":false,"template":"","format":"standard","meta":{"_EventAllDay":false,"_EventTimezone":"","_EventStartDate":"","_EventEndDate":"","_EventStartDateUTC":"","_EventEndDateUTC":"","_EventShowMap":false,"_EventShowMapLink":false,"_EventURL":"","_EventCost":"","_EventCostDescription":"","_EventCurrencySymbol":"","_EventCurrencyCode":"","_EventCurrencyPosition":"","_EventDateTimeSeparator":"","_EventTimeRangeSeparator":"","_EventOrganizerID":[],"_EventVenueID":0,"_OrganizerEmail":"","_OrganizerPhone":"","_OrganizerWebsite":"","_VenueAddress":"","_VenueCity":"","_VenueCountry":"","_VenueProvince":"","_VenueZip":"","_VenuePhone":"","_VenueURL":"","_VenueStateProvince":"","_VenueLat":"","_VenueLng":"","footnotes":""},"categories":[3],"tags":[],"class_list":["post-652","post","type-post","status-publish","format-standard","has-post-thumbnail","hentry","category-fregional"],"_links":{"self":[{"href":"https:\/\/www.osera.fr\/index.php\/wp-json\/wp\/v2\/posts\/652","targetHints":{"allow":["GET"]}}],"collection":[{"href":"https:\/\/www.osera.fr\/index.php\/wp-json\/wp\/v2\/posts"}],"about":[{"href":"https:\/\/www.osera.fr\/index.php\/wp-json\/wp\/v2\/types\/post"}],"author":[{"embeddable":true,"href":"https:\/\/www.osera.fr\/index.php\/wp-json\/wp\/v2\/users\/1"}],"replies":[{"embeddable":true,"href":"https:\/\/www.osera.fr\/index.php\/wp-json\/wp\/v2\/comments?post=652"}],"version-history":[{"count":1,"href":"https:\/\/www.osera.fr\/index.php\/wp-json\/wp\/v2\/posts\/652\/revisions"}],"predecessor-version":[{"id":655,"href":"https:\/\/www.osera.fr\/index.php\/wp-json\/wp\/v2\/posts\/652\/revisions\/655"}],"wp:featuredmedia":[{"embeddable":true,"href":"https:\/\/www.osera.fr\/index.php\/wp-json\/wp\/v2\/media\/654"}],"wp:attachment":[{"href":"https:\/\/www.osera.fr\/index.php\/wp-json\/wp\/v2\/media?parent=652"}],"wp:term":[{"taxonomy":"category","embeddable":true,"href":"https:\/\/www.osera.fr\/index.php\/wp-json\/wp\/v2\/categories?post=652"},{"taxonomy":"post_tag","embeddable":true,"href":"https:\/\/www.osera.fr\/index.php\/wp-json\/wp\/v2\/tags?post=652"}],"curies":[{"name":"wp","href":"https:\/\/api.w.org\/{rel}","templated":true}]}}