{"id":2673,"date":"2023-11-28T14:19:07","date_gmt":"2023-11-28T13:19:07","guid":{"rendered":"http:\/\/www.osera.fr\/?p=2673"},"modified":"2023-11-28T14:20:36","modified_gmt":"2023-11-28T13:20:36","slug":"elections-a-la-caf-69","status":"publish","type":"post","link":"https:\/\/www.osera.fr\/index.php\/2023\/11\/28\/elections-a-la-caf-69\/","title":{"rendered":"ELECTIONS A LA CAF 69"},"content":{"rendered":"\n<p>Le syndicat CGT de la CAF du Rh\u00f4ne mets les moyens pour r\u00e9ussir ces \u00e9lections professionnelles. Tracts, goodies, profession de foi, affiches &#8230;<\/p>\n\n\n\n<p>VOTEZ CGT !!!<\/p>\n\n\n\n<p>Bravo au syndicat<\/p>\n\n\n\n<div data-wp-interactive=\"core\/file\" class=\"wp-block-file\"><object data-wp-bind--hidden=\"!state.hasPdfPreview\" hidden class=\"wp-block-file__embed\" data=\"http:\/\/www.osera.fr\/wp-content\/uploads\/2023\/11\/Affiche-2-CAF-CGT-69.pdf\" type=\"application\/pdf\" style=\"width:100%;height:600px\" aria-label=\"Contenu embarqu\u00e9 Affiche-2-CAF-CGT-69.\"><\/object><a id=\"wp-block-file--media-20b619c0-b6e8-4981-af57-c293b483a900\" href=\"http:\/\/www.osera.fr\/wp-content\/uploads\/2023\/11\/Affiche-2-CAF-CGT-69.pdf\">Affiche-2-CAF-CGT-69<\/a><a href=\"http:\/\/www.osera.fr\/wp-content\/uploads\/2023\/11\/Affiche-2-CAF-CGT-69.pdf\" class=\"wp-block-file__button wp-element-button\" download aria-describedby=\"wp-block-file--media-20b619c0-b6e8-4981-af57-c293b483a900\">T\u00e9l\u00e9charger<\/a><\/div>\n\n\n\n<div data-wp-interactive=\"core\/file\" class=\"wp-block-file\"><object data-wp-bind--hidden=\"!state.hasPdfPreview\" hidden class=\"wp-block-file__embed\" data=\"http:\/\/www.osera.fr\/wp-content\/uploads\/2023\/11\/tract-conditions-de-travail.pdf.pdf\" type=\"application\/pdf\" style=\"width:100%;height:600px\" aria-label=\"Contenu embarqu\u00e9 tract-conditions-de-travail.pdf.\"><\/object><a id=\"wp-block-file--media-fa67d7c5-bf83-4d10-8c4c-6e81c35c6911\" href=\"http:\/\/www.osera.fr\/wp-content\/uploads\/2023\/11\/tract-conditions-de-travail.pdf.pdf\">tract-conditions-de-travail.pdf<\/a><a href=\"http:\/\/www.osera.fr\/wp-content\/uploads\/2023\/11\/tract-conditions-de-travail.pdf.pdf\" class=\"wp-block-file__button wp-element-button\" download aria-describedby=\"wp-block-file--media-fa67d7c5-bf83-4d10-8c4c-6e81c35c6911\">T\u00e9l\u00e9charger<\/a><\/div>\n\n\n\n<div data-wp-interactive=\"core\/file\" class=\"wp-block-file\"><object data-wp-bind--hidden=\"!state.hasPdfPreview\" hidden class=\"wp-block-file__embed\" data=\"http:\/\/www.osera.fr\/wp-content\/uploads\/2023\/11\/tract-4-pages.pdf\" type=\"application\/pdf\" style=\"width:100%;height:600px\" aria-label=\"Contenu embarqu\u00e9 tract-4-pages.\"><\/object><a id=\"wp-block-file--media-194c439d-e384-4fed-990a-11e3e64404d3\" href=\"http:\/\/www.osera.fr\/wp-content\/uploads\/2023\/11\/tract-4-pages.pdf\">tract-4-pages<\/a><a href=\"http:\/\/www.osera.fr\/wp-content\/uploads\/2023\/11\/tract-4-pages.pdf\" class=\"wp-block-file__button wp-element-button\" download aria-describedby=\"wp-block-file--media-194c439d-e384-4fed-990a-11e3e64404d3\">T\u00e9l\u00e9charger<\/a><\/div>\n\n\n\n<div data-wp-interactive=\"core\/file\" class=\"wp-block-file\"><object data-wp-bind--hidden=\"!state.hasPdfPreview\" hidden class=\"wp-block-file__embed\" data=\"http:\/\/www.osera.fr\/wp-content\/uploads\/2023\/11\/Affiche-1-VOTEZ-CGT.pdf\" type=\"application\/pdf\" style=\"width:100%;height:600px\" aria-label=\"Contenu embarqu\u00e9 Affiche-1-VOTEZ-CGT.\"><\/object><a id=\"wp-block-file--media-4136136d-456d-46f5-928b-eadd2a7ad801\" href=\"http:\/\/www.osera.fr\/wp-content\/uploads\/2023\/11\/Affiche-1-VOTEZ-CGT.pdf\">Affiche-1-VOTEZ-CGT<\/a><a href=\"http:\/\/www.osera.fr\/wp-content\/uploads\/2023\/11\/Affiche-1-VOTEZ-CGT.pdf\" class=\"wp-block-file__button wp-element-button\" download aria-describedby=\"wp-block-file--media-4136136d-456d-46f5-928b-eadd2a7ad801\">T\u00e9l\u00e9charger<\/a><\/div>\n\n\n\n<div data-wp-interactive=\"core\/file\" class=\"wp-block-file\"><object data-wp-bind--hidden=\"!state.hasPdfPreview\" hidden class=\"wp-block-file__embed\" data=\"http:\/\/www.osera.fr\/wp-content\/uploads\/2023\/11\/tract-4-pages-cgt-caf-69-version-mail.pdf\" type=\"application\/pdf\" style=\"width:100%;height:600px\" aria-label=\"Contenu embarqu\u00e9 tract-4-pages-cgt-caf-69-version-mail.\"><\/object><a id=\"wp-block-file--media-f4d56acd-36fd-4191-ae5e-3783c9cb6b5a\" href=\"http:\/\/www.osera.fr\/wp-content\/uploads\/2023\/11\/tract-4-pages-cgt-caf-69-version-mail.pdf\">tract-4-pages-cgt-caf-69-version-mail<\/a><a href=\"http:\/\/www.osera.fr\/wp-content\/uploads\/2023\/11\/tract-4-pages-cgt-caf-69-version-mail.pdf\" class=\"wp-block-file__button wp-element-button\" download aria-describedby=\"wp-block-file--media-f4d56acd-36fd-4191-ae5e-3783c9cb6b5a\">T\u00e9l\u00e9charger<\/a><\/div>\n\n\n\n<div data-wp-interactive=\"core\/file\" class=\"wp-block-file\"><object data-wp-bind--hidden=\"!state.hasPdfPreview\" hidden class=\"wp-block-file__embed\" data=\"http:\/\/www.osera.fr\/wp-content\/uploads\/2023\/11\/tract-salaires.pdf.pdf\" type=\"application\/pdf\" style=\"width:100%;height:600px\" aria-label=\"Contenu embarqu\u00e9 tract-salaires.pdf.\"><\/object><a id=\"wp-block-file--media-8fdee501-8e6c-489e-b0eb-9a5df9e55eb2\" href=\"http:\/\/www.osera.fr\/wp-content\/uploads\/2023\/11\/tract-salaires.pdf.pdf\">tract-salaires.pdf<\/a><a href=\"http:\/\/www.osera.fr\/wp-content\/uploads\/2023\/11\/tract-salaires.pdf.pdf\" class=\"wp-block-file__button wp-element-button\" download aria-describedby=\"wp-block-file--media-8fdee501-8e6c-489e-b0eb-9a5df9e55eb2\">T\u00e9l\u00e9charger<\/a><\/div>\n\n\n\n<figure class=\"wp-block-image size-large\"><img loading=\"lazy\" decoding=\"async\" width=\"935\" height=\"1024\" src=\"http:\/\/www.osera.fr\/wp-content\/uploads\/2023\/11\/cable-3-prises-1-935x1024.jpg\" alt=\"\" class=\"wp-image-2681\" srcset=\"https:\/\/www.osera.fr\/wp-content\/uploads\/2023\/11\/cable-3-prises-1-935x1024.jpg 935w, https:\/\/www.osera.fr\/wp-content\/uploads\/2023\/11\/cable-3-prises-1-274x300.jpg 274w, https:\/\/www.osera.fr\/wp-content\/uploads\/2023\/11\/cable-3-prises-1-768x841.jpg 768w, https:\/\/www.osera.fr\/wp-content\/uploads\/2023\/11\/cable-3-prises-1.jpg 1240w\" sizes=\"auto, (max-width: 935px) 100vw, 935px\" \/><\/figure>\n","protected":false},"excerpt":{"rendered":"<p>Le syndicat CGT de la CAF du Rh\u00f4ne mets les moyens pour r\u00e9ussir ces \u00e9lections professionnelles. Tracts, goodies, profession de<\/p>\n","protected":false},"author":4,"featured_media":2136,"comment_status":"open","ping_status":"open","sticky":false,"template":"","format":"standard","meta":{"_EventAllDay":false,"_EventTimezone":"","_EventStartDate":"","_EventEndDate":"","_EventStartDateUTC":"","_EventEndDateUTC":"","_EventShowMap":false,"_EventShowMapLink":false,"_EventURL":"","_EventCost":"","_EventCostDescription":"","_EventCurrencySymbol":"","_EventCurrencyCode":"","_EventCurrencyPosition":"","_EventDateTimeSeparator":"","_EventTimeRangeSeparator":"","_EventOrganizerID":[],"_EventVenueID":0,"_OrganizerEmail":"","_OrganizerPhone":"","_OrganizerWebsite":"","_VenueAddress":"","_VenueCity":"","_VenueCountry":"","_VenueProvince":"","_VenueZip":"","_VenuePhone":"","_VenueURL":"","_VenueStateProvince":"","_VenueLat":"","_VenueLng":"","footnotes":""},"categories":[12],"tags":[],"class_list":["post-2673","post","type-post","status-publish","format-standard","has-post-thumbnail","hentry","category-elections-pro"],"_links":{"self":[{"href":"https:\/\/www.osera.fr\/index.php\/wp-json\/wp\/v2\/posts\/2673","targetHints":{"allow":["GET"]}}],"collection":[{"href":"https:\/\/www.osera.fr\/index.php\/wp-json\/wp\/v2\/posts"}],"about":[{"href":"https:\/\/www.osera.fr\/index.php\/wp-json\/wp\/v2\/types\/post"}],"author":[{"embeddable":true,"href":"https:\/\/www.osera.fr\/index.php\/wp-json\/wp\/v2\/users\/4"}],"replies":[{"embeddable":true,"href":"https:\/\/www.osera.fr\/index.php\/wp-json\/wp\/v2\/comments?post=2673"}],"version-history":[{"count":2,"href":"https:\/\/www.osera.fr\/index.php\/wp-json\/wp\/v2\/posts\/2673\/revisions"}],"predecessor-version":[{"id":2683,"href":"https:\/\/www.osera.fr\/index.php\/wp-json\/wp\/v2\/posts\/2673\/revisions\/2683"}],"wp:featuredmedia":[{"embeddable":true,"href":"https:\/\/www.osera.fr\/index.php\/wp-json\/wp\/v2\/media\/2136"}],"wp:attachment":[{"href":"https:\/\/www.osera.fr\/index.php\/wp-json\/wp\/v2\/media?parent=2673"}],"wp:term":[{"taxonomy":"category","embeddable":true,"href":"https:\/\/www.osera.fr\/index.php\/wp-json\/wp\/v2\/categories?post=2673"},{"taxonomy":"post_tag","embeddable":true,"href":"https:\/\/www.osera.fr\/index.php\/wp-json\/wp\/v2\/tags?post=2673"}],"curies":[{"name":"wp","href":"https:\/\/api.w.org\/{rel}","templated":true}]}}