{"id":2656,"date":"2023-10-17T10:00:25","date_gmt":"2023-10-17T08:00:25","guid":{"rendered":"http:\/\/www.osera.fr\/?p=2656"},"modified":"2023-10-17T16:51:29","modified_gmt":"2023-10-17T14:51:29","slug":"greve-du-13-octobre-2023","status":"publish","type":"post","link":"https:\/\/www.osera.fr\/index.php\/2023\/10\/17\/greve-du-13-octobre-2023\/","title":{"rendered":"Gr\u00e8ve du 13 octobre 2023"},"content":{"rendered":"\n<p>Les syndicats des Organismes Sociaux de la r\u00e9gion Rh\u00f4ne-Alpes on \u00e9t\u00e9 massivement en gr\u00e8ve ce vendredi pour revendiquer notamment une augmentation g\u00e9n\u00e9rale des salaires, une \u00e9galit\u00e9 salariale femme\/homme effective, un service public  digne du 21-\u00e8me si\u00e8cle et une politique environnementale \u00e0 la hauteur.<\/p>\n\n\n\n<div class=\"wp-block-file\"><a id=\"wp-block-file--media-f55593c4-554f-48f1-b10e-56300e29277d\" href=\"http:\/\/www.osera.fr\/wp-content\/uploads\/2023\/10\/suivi-taux-de-grevistes-13-octobre-23-2.xlsx\">suivi-taux-de-grevistes-13-octobre-23-2<\/a><a href=\"http:\/\/www.osera.fr\/wp-content\/uploads\/2023\/10\/suivi-taux-de-grevistes-13-octobre-23-2.xlsx\" class=\"wp-block-file__button wp-element-button\" download aria-describedby=\"wp-block-file--media-f55593c4-554f-48f1-b10e-56300e29277d\">T\u00e9l\u00e9charger<\/a><\/div>\n","protected":false},"excerpt":{"rendered":"<p>Les syndicats des Organismes Sociaux de la r\u00e9gion Rh\u00f4ne-Alpes on \u00e9t\u00e9 massivement en gr\u00e8ve ce vendredi pour revendiquer notamment une<\/p>\n","protected":false},"author":4,"featured_media":2596,"comment_status":"open","ping_status":"open","sticky":false,"template":"","format":"standard","meta":{"_EventAllDay":false,"_EventTimezone":"","_EventStartDate":"","_EventEndDate":"","_EventStartDateUTC":"","_EventEndDateUTC":"","_EventShowMap":false,"_EventShowMapLink":false,"_EventURL":"","_EventCost":"","_EventCostDescription":"","_EventCurrencySymbol":"","_EventCurrencyCode":"","_EventCurrencyPosition":"","_EventDateTimeSeparator":"","_EventTimeRangeSeparator":"","_EventOrganizerID":[],"_EventVenueID":0,"_OrganizerEmail":"","_OrganizerPhone":"","_OrganizerWebsite":"","_VenueAddress":"","_VenueCity":"","_VenueCountry":"","_VenueProvince":"","_VenueZip":"","_VenuePhone":"","_VenueURL":"","_VenueStateProvince":"","_VenueLat":"","_VenueLng":"","footnotes":""},"categories":[4],"tags":[],"class_list":["post-2656","post","type-post","status-publish","format-standard","has-post-thumbnail","hentry","category-luttes"],"_links":{"self":[{"href":"https:\/\/www.osera.fr\/index.php\/wp-json\/wp\/v2\/posts\/2656","targetHints":{"allow":["GET"]}}],"collection":[{"href":"https:\/\/www.osera.fr\/index.php\/wp-json\/wp\/v2\/posts"}],"about":[{"href":"https:\/\/www.osera.fr\/index.php\/wp-json\/wp\/v2\/types\/post"}],"author":[{"embeddable":true,"href":"https:\/\/www.osera.fr\/index.php\/wp-json\/wp\/v2\/users\/4"}],"replies":[{"embeddable":true,"href":"https:\/\/www.osera.fr\/index.php\/wp-json\/wp\/v2\/comments?post=2656"}],"version-history":[{"count":3,"href":"https:\/\/www.osera.fr\/index.php\/wp-json\/wp\/v2\/posts\/2656\/revisions"}],"predecessor-version":[{"id":2662,"href":"https:\/\/www.osera.fr\/index.php\/wp-json\/wp\/v2\/posts\/2656\/revisions\/2662"}],"wp:featuredmedia":[{"embeddable":true,"href":"https:\/\/www.osera.fr\/index.php\/wp-json\/wp\/v2\/media\/2596"}],"wp:attachment":[{"href":"https:\/\/www.osera.fr\/index.php\/wp-json\/wp\/v2\/media?parent=2656"}],"wp:term":[{"taxonomy":"category","embeddable":true,"href":"https:\/\/www.osera.fr\/index.php\/wp-json\/wp\/v2\/categories?post=2656"},{"taxonomy":"post_tag","embeddable":true,"href":"https:\/\/www.osera.fr\/index.php\/wp-json\/wp\/v2\/tags?post=2656"}],"curies":[{"name":"wp","href":"https:\/\/api.w.org\/{rel}","templated":true}]}}