{"id":2138,"date":"2022-02-09T10:08:44","date_gmt":"2022-02-09T09:08:44","guid":{"rendered":"http:\/\/www.osera.fr\/?p=2138"},"modified":"2022-02-09T10:08:45","modified_gmt":"2022-02-09T09:08:45","slug":"accord-de-methode-pour-les-negociations-annuelles-obligatoire-nao-a-la-cpam-38-non-signe-par-la-cgt","status":"publish","type":"post","link":"https:\/\/www.osera.fr\/index.php\/2022\/02\/09\/accord-de-methode-pour-les-negociations-annuelles-obligatoire-nao-a-la-cpam-38-non-signe-par-la-cgt\/","title":{"rendered":"Accord de m\u00e9thode pour les n\u00e9gociations annuelles obligatoire (NAO) \u00e0 la CPAM 38 non sign\u00e9 par la CGT"},"content":{"rendered":"\n<div data-wp-interactive=\"core\/file\" class=\"wp-block-file\"><object data-wp-bind--hidden=\"!state.hasPdfPreview\" hidden class=\"wp-block-file__embed\" data=\"http:\/\/www.osera.fr\/wp-content\/uploads\/2022\/02\/Accord-de-methode-prealable-a-la-negociation-du-20_01_2022.pdf\" type=\"application\/pdf\" style=\"width:100%;height:600px\" aria-label=\"Contenu embarqu\u00e9 Contenu embarqu\u00e9 Accord-de-methode-prealable-a-la-negociation-du-20_01_2022..\"><\/object><a id=\"wp-block-file--media-4f2325a8-260e-4004-b0ee-a02228e5891b\" href=\"http:\/\/www.osera.fr\/wp-content\/uploads\/2022\/02\/Accord-de-methode-prealable-a-la-negociation-du-20_01_2022.pdf\">Accord-de-methode-prealable-a-la-negociation-du-20_01_2022<\/a><a href=\"http:\/\/www.osera.fr\/wp-content\/uploads\/2022\/02\/Accord-de-methode-prealable-a-la-negociation-du-20_01_2022.pdf\" class=\"wp-block-file__button\" download aria-describedby=\"wp-block-file--media-4f2325a8-260e-4004-b0ee-a02228e5891b\">T\u00e9l\u00e9charger<\/a><\/div>\n","protected":false},"excerpt":{"rendered":"","protected":false},"author":4,"featured_media":2121,"comment_status":"open","ping_status":"open","sticky":false,"template":"","format":"standard","meta":{"_EventAllDay":false,"_EventTimezone":"","_EventStartDate":"","_EventEndDate":"","_EventStartDateUTC":"","_EventEndDateUTC":"","_EventShowMap":false,"_EventShowMapLink":false,"_EventURL":"","_EventCost":"","_EventCostDescription":"","_EventCurrencySymbol":"","_EventCurrencyCode":"","_EventCurrencyPosition":"","_EventDateTimeSeparator":"","_EventTimeRangeSeparator":"","_EventOrganizerID":[],"_EventVenueID":0,"_OrganizerEmail":"","_OrganizerPhone":"","_OrganizerWebsite":"","_VenueAddress":"","_VenueCity":"","_VenueCountry":"","_VenueProvince":"","_VenueZip":"","_VenuePhone":"","_VenueURL":"","_VenueStateProvince":"","_VenueLat":"","_VenueLng":"","footnotes":""},"categories":[10],"tags":[],"class_list":["post-2138","post","type-post","status-publish","format-standard","has-post-thumbnail","hentry","category-accords-locaux"],"_links":{"self":[{"href":"https:\/\/www.osera.fr\/index.php\/wp-json\/wp\/v2\/posts\/2138","targetHints":{"allow":["GET"]}}],"collection":[{"href":"https:\/\/www.osera.fr\/index.php\/wp-json\/wp\/v2\/posts"}],"about":[{"href":"https:\/\/www.osera.fr\/index.php\/wp-json\/wp\/v2\/types\/post"}],"author":[{"embeddable":true,"href":"https:\/\/www.osera.fr\/index.php\/wp-json\/wp\/v2\/users\/4"}],"replies":[{"embeddable":true,"href":"https:\/\/www.osera.fr\/index.php\/wp-json\/wp\/v2\/comments?post=2138"}],"version-history":[{"count":1,"href":"https:\/\/www.osera.fr\/index.php\/wp-json\/wp\/v2\/posts\/2138\/revisions"}],"predecessor-version":[{"id":2140,"href":"https:\/\/www.osera.fr\/index.php\/wp-json\/wp\/v2\/posts\/2138\/revisions\/2140"}],"wp:featuredmedia":[{"embeddable":true,"href":"https:\/\/www.osera.fr\/index.php\/wp-json\/wp\/v2\/media\/2121"}],"wp:attachment":[{"href":"https:\/\/www.osera.fr\/index.php\/wp-json\/wp\/v2\/media?parent=2138"}],"wp:term":[{"taxonomy":"category","embeddable":true,"href":"https:\/\/www.osera.fr\/index.php\/wp-json\/wp\/v2\/categories?post=2138"},{"taxonomy":"post_tag","embeddable":true,"href":"https:\/\/www.osera.fr\/index.php\/wp-json\/wp\/v2\/tags?post=2138"}],"curies":[{"name":"wp","href":"https:\/\/api.w.org\/{rel}","templated":true}]}}