{"id":1971,"date":"2021-09-24T13:27:09","date_gmt":"2021-09-24T11:27:09","guid":{"rendered":"http:\/\/www.osera.fr\/?p=1971"},"modified":"2021-09-24T13:27:10","modified_gmt":"2021-09-24T11:27:10","slug":"assemblee-general-des-syndicats-cgt-des-organismes-sociaux-de-rhone-alpes","status":"publish","type":"post","link":"https:\/\/www.osera.fr\/index.php\/2021\/09\/24\/assemblee-general-des-syndicats-cgt-des-organismes-sociaux-de-rhone-alpes\/","title":{"rendered":"ASSEMBLEE GENERAL DES SYNDICATS CGT DES ORGANISMES SOCIAUX DE RHONE ALPES"},"content":{"rendered":"\n<p>Comme chaque ann\u00e9e, l\u2019Union R\u00e9gionale des Syndicats employ\u00e9s, cadres et retrait\u00e9s CGT des Organismes Sociaux de Rh\u00f4ne Alpes a tenu son Assembl\u00e9e G\u00e9n\u00e9rale ce 21 septembre 2021.<\/p>\n\n\n\n<p>50 syndiqu\u00e9s \u00e9taient pr\u00e9sents venant des&nbsp;:<\/p>\n\n\n\n<p>ADMR 42<\/p>\n\n\n\n<p>CAF&nbsp;: 38 \u2013 42 \u2013 69 \u2013 73<\/p>\n\n\n\n<p>CARSAT RHONE ALPES<\/p>\n\n\n\n<p>CPAM&nbsp;: 07 \u2013 38 \u2013 42 \u2013 69 \u2013 74<\/p>\n\n\n\n<p>DRSM RHONE ALPES<\/p>\n\n\n\n<p>MSA 07\/26\/42<\/p>\n\n\n\n<p>POLE EMPLOI AUVERGNE RHONE ALPES<\/p>\n\n\n\n<p>RETRAITES 69<\/p>\n\n\n\n<p>UGECAM RHONE ALPES<\/p>\n\n\n\n<p>URSSAF RHONE ALPES<\/p>\n\n\n\n<p>Avec la participation de la F\u00e9d\u00e9ration CGT FNPOS, du Comit\u00e9 R\u00e9gional CGT AURA et de l\u2019UD CGT 69<\/p>\n\n\n\n<p>Nous avons d\u00e9battu de l\u2019actualit\u00e9 revendicative et fait \u00e9tat du fonctionnement des syndicats durant la crise sanitaire.<\/p>\n\n\n\n<p>La vie syndicale, comme les relations avec les salari\u00e9s et les employeurs n\u2019ont pas \u00e9t\u00e9 identiques dans l\u2019ensemble des syndicats, mais tous ont fait \u00e9tat de difficult\u00e9s li\u00e9es aux confinements et au t\u00e9l\u00e9travail.<\/p>\n\n\n\n<p>T\u00e9l\u00e9travail qui a transform\u00e9 l\u2019organisation du travail dans sa globalit\u00e9 pour l\u2019ensemble des salari\u00e9s qu\u2019ils soient \u00e0 la maison ou sur le site de travail.<\/p>\n\n\n\n<p>Pass\u00e9 le temps de \u00ab&nbsp;digestion&nbsp;\u00bb, les syndicats se sont tant bien que mal adapt\u00e9s \u00e0 la situation de crise sanitaire et ont modifi\u00e9 leur fonctionnement, leur m\u00e9thode de travail.<\/p>\n\n\n\n<p>Ils ont fait appel aux outils technologiques (visio, r\u00e9seaux sociaux, forum\u2026) pour communiquer entre syndiqu\u00e9s et avec les salari\u00e9s.<\/p>\n\n\n\n<p>Aujourd\u2019hui, les directions \u00ab&nbsp;foncent&nbsp;\u00bb vers la g\u00e9n\u00e9ralisation du t\u00e9l\u00e9travail d\u2019autant mieux qu\u2019il est pl\u00e9biscit\u00e9 par les salari\u00e9s. Les accords plus ou moins favorables aux salari\u00e9s se succ\u00e8dent dans les organismes.<\/p>\n\n\n\n<p>La question du collectif reste pos\u00e9e&nbsp;: l\u2019isolement des salari\u00e9s renforce l\u2019individualisme. Comment l\u2019organisation syndicale avec ses \u00e9lus pourra d\u00e9fendre l\u2019int\u00e9r\u00eat collectif des salari\u00e9s&nbsp;? Comment elle pourra alerter sur les situations de souffrance au travail&nbsp;?<\/p>\n\n\n\n<p>De l\u2019avis g\u00e9n\u00e9ral, il nous faut gagner des nouveaux droits dans l\u2019entreprise pour rencontrer les salari\u00e9s et d\u00e9battre avec eux. (Temps de discussion syndicale pendant le temps de travail, outils \u00e0 disposition\u2026)<\/p>\n\n\n\n<p>Plusieurs facteurs sont \u00e0 l\u2019origine de l\u2019engouement des salari\u00e9s en faveur du t\u00e9l\u00e9travail&nbsp;: L\u2019\u00e9loignement des lieux de vie et de travail et le temps de transport accentuant la fatigue et les difficult\u00e9s d\u2019organiser la vie priv\u00e9e et professionnelle, l\u2019ambiance de travail \u2026 . Le t\u00e9l\u00e9travail appara\u00eet comme une fuite des salari\u00e9s face \u00e0 des conditions de travail d\u00e9grad\u00e9es.<\/p>\n\n\n\n<p>Ne faudrait-il pas alors, se battre pour l\u2019accessibilit\u00e9 immobili\u00e8re dans les grandes villes, pour l\u2019acc\u00e8s au transport de partout et gratuit, pour la semaine de travail \u00e0 32 Heures qui est une r\u00e9elle alternative \u00e0 la conciliation vie priv\u00e9e et vie professionnelle\u2026 &nbsp;La liste n\u2019est pas exhaustive.<\/p>\n\n\n\n<p>D\u00e9j\u00e0 dans certains organismes, les directions d\u00e9finissent \u00e0 la hausse la production des t\u00e9l\u00e9travailleurs et cela ne fait que commencer.<\/p>\n\n\n\n<p>L\u2019actualit\u00e9 revendicative c\u2019est aussi l\u2019ensemble des luttes dans les organismes sociaux&nbsp;:<\/p>\n\n\n\n<ul class=\"wp-block-list\"><li>Le 23 septembre dans le secteur de l\u2019aide \u00e0 domicile \u00ab&nbsp;24 H sans aide \u00e0 domicile&nbsp;\u00bb pour la reconnaissance financi\u00e8re et la qualification de leur m\u00e9tier.<\/li><\/ul>\n\n\n\n<ul class=\"wp-block-list\"><li>Le 1<sup>er<\/sup> octobre l\u2019ensemble des retrait\u00e9s dans la rue pour la revalorisation des pensions, mais aussi pour la protection sociale.<\/li><\/ul>\n\n\n\n<ul class=\"wp-block-list\"><li>Le 5 octobre gr\u00e8ve interprofessionnelle en intersyndicale pour l\u2019emploi, les salaires, la protection sociale.<\/li><\/ul>\n\n\n\n<p>L\u2019ensemble des syndicats seront dans l\u2019action le 5 octobre r\u00e9pondant \u00e0 l\u2019appel f\u00e9d\u00e9ral de \u00ab&nbsp;tous les syndicats des organismes sociaux en gr\u00e8ve&nbsp;\u00bb.<\/p>\n\n\n\n<p><strong>Nous avons \u00e9galement fait le bilan du 1<sup>er<\/sup> mandat de CSE et amorc\u00e9 les prochaines \u00e9lections qui se d\u00e9rouleront d\u00e8s fin 2021 pour certains.<\/strong><\/p>\n\n\n\n<p>De ce bilan, il ressort, dans les grandes lignes, la perte de substance politique et strat\u00e9gique de l\u2019instance professionnelle qui la plupart du temps est volontairement ax\u00e9 par les directions sur les activit\u00e9s sociales.<\/p>\n\n\n\n<p>L\u2019organisation du travail et les conditions de travail sont balay\u00e9es par les directions. Les Commissions S\u00e9curit\u00e9 Sant\u00e9 et Conditions de travail n\u2019ont plus aucun levier pour faire pression sur les directions.<\/p>\n\n\n\n<p><strong>Nous avons ensuite discut\u00e9 de la campagne conf\u00e9d\u00e9rale et f\u00e9d\u00e9rale pour une S\u00e9curit\u00e9 Sociale int\u00e9grale<\/strong><\/p>\n\n\n\n<p><strong>-100 % SECU-.<\/strong><\/p>\n\n\n\n<p>La S\u00e9curit\u00e9 Sociale est l\u2019affaire de tous, elle doit \u00eatre port\u00e9e par toute la CGT, m\u00eame si les syndicats des organismes sociaux se doivent d\u2019impulser la campagne dans les territoires o\u00f9 ils sont.<\/p>\n\n\n\n<p>La conf\u00e9rence que nous \u00e9laborons, en groupe de travail, depuis d\u00e9but d\u2019ann\u00e9e s\u2019inscrit pleinement dans cet objectif. Cette conf\u00e9rence en cours de finalisation est un outil \u00e0 disposition de l\u2019ensemble des syndicats pour sensibiliser les syndiqu\u00e9s, les salari\u00e9s et la population \u00e0 l\u2019urgence d\u2019une protection sociale unique, solidaire et d\u00e9mocratique.<\/p>\n\n\n\n<p>Cette conf\u00e9rence est propos\u00e9e \u00e0 l\u2019ensemble des UD et UL CGT de Rh\u00f4ne Alpes, chacun des syndicats pourra se rapprocher des UD et UL de leur territoire.<\/p>\n\n\n\n<div class=\"wp-block-file\"><a href=\"http:\/\/www.osera.fr\/wp-content\/uploads\/2021\/09\/INTRO.docx\">INTRO<\/a><a href=\"http:\/\/www.osera.fr\/wp-content\/uploads\/2021\/09\/INTRO.docx\" class=\"wp-block-file__button\" download>T\u00e9l\u00e9charger<\/a><\/div>\n\n\n\n<div data-wp-interactive=\"core\/file\" class=\"wp-block-file\"><object data-wp-bind--hidden=\"!state.hasPdfPreview\" hidden class=\"wp-block-file__embed\" data=\"http:\/\/www.osera.fr\/wp-content\/uploads\/2021\/09\/bilan-CSE-2.pdf\" type=\"application\/pdf\" style=\"width:100%;height:200px\" aria-label=\"Contenu embarqu\u00e9 Contenu embarqu\u00e9 bilan-CSE..\"><\/object><a href=\"http:\/\/www.osera.fr\/wp-content\/uploads\/2021\/09\/bilan-CSE-2.pdf\">bilan-CSE<\/a><a href=\"http:\/\/www.osera.fr\/wp-content\/uploads\/2021\/09\/bilan-CSE-2.pdf\" class=\"wp-block-file__button\" download>T\u00e9l\u00e9charger<\/a><\/div>\n\n\n\n<p><\/p>\n","protected":false},"excerpt":{"rendered":"<p>Comme chaque ann\u00e9e, l\u2019Union R\u00e9gionale des Syndicats employ\u00e9s, cadres et retrait\u00e9s CGT des Organismes Sociaux de Rh\u00f4ne Alpes a tenu<\/p>\n","protected":false},"author":1,"featured_media":1972,"comment_status":"open","ping_status":"open","sticky":false,"template":"","format":"standard","meta":{"_EventAllDay":false,"_EventTimezone":"","_EventStartDate":"","_EventEndDate":"","_EventStartDateUTC":"","_EventEndDateUTC":"","_EventShowMap":false,"_EventShowMapLink":false,"_EventURL":"","_EventCost":"","_EventCostDescription":"","_EventCurrencySymbol":"","_EventCurrencyCode":"","_EventCurrencyPosition":"","_EventDateTimeSeparator":"","_EventTimeRangeSeparator":"","_EventOrganizerID":[],"_EventVenueID":0,"_OrganizerEmail":"","_OrganizerPhone":"","_OrganizerWebsite":"","_VenueAddress":"","_VenueCity":"","_VenueCountry":"","_VenueProvince":"","_VenueZip":"","_VenuePhone":"","_VenueURL":"","_VenueStateProvince":"","_VenueLat":"","_VenueLng":"","footnotes":""},"categories":[3],"tags":[],"class_list":["post-1971","post","type-post","status-publish","format-standard","has-post-thumbnail","hentry","category-fregional"],"_links":{"self":[{"href":"https:\/\/www.osera.fr\/index.php\/wp-json\/wp\/v2\/posts\/1971","targetHints":{"allow":["GET"]}}],"collection":[{"href":"https:\/\/www.osera.fr\/index.php\/wp-json\/wp\/v2\/posts"}],"about":[{"href":"https:\/\/www.osera.fr\/index.php\/wp-json\/wp\/v2\/types\/post"}],"author":[{"embeddable":true,"href":"https:\/\/www.osera.fr\/index.php\/wp-json\/wp\/v2\/users\/1"}],"replies":[{"embeddable":true,"href":"https:\/\/www.osera.fr\/index.php\/wp-json\/wp\/v2\/comments?post=1971"}],"version-history":[{"count":2,"href":"https:\/\/www.osera.fr\/index.php\/wp-json\/wp\/v2\/posts\/1971\/revisions"}],"predecessor-version":[{"id":1978,"href":"https:\/\/www.osera.fr\/index.php\/wp-json\/wp\/v2\/posts\/1971\/revisions\/1978"}],"wp:featuredmedia":[{"embeddable":true,"href":"https:\/\/www.osera.fr\/index.php\/wp-json\/wp\/v2\/media\/1972"}],"wp:attachment":[{"href":"https:\/\/www.osera.fr\/index.php\/wp-json\/wp\/v2\/media?parent=1971"}],"wp:term":[{"taxonomy":"category","embeddable":true,"href":"https:\/\/www.osera.fr\/index.php\/wp-json\/wp\/v2\/categories?post=1971"},{"taxonomy":"post_tag","embeddable":true,"href":"https:\/\/www.osera.fr\/index.php\/wp-json\/wp\/v2\/tags?post=1971"}],"curies":[{"name":"wp","href":"https:\/\/api.w.org\/{rel}","templated":true}]}}