{"id":1841,"date":"2021-04-06T11:59:49","date_gmt":"2021-04-06T09:59:49","guid":{"rendered":"http:\/\/www.osera.fr\/?p=1841"},"modified":"2021-04-06T11:59:50","modified_gmt":"2021-04-06T09:59:50","slug":"le-08-04-pour-les-oublie-e-s-du-segur","status":"publish","type":"post","link":"https:\/\/www.osera.fr\/index.php\/2021\/04\/06\/le-08-04-pour-les-oublie-e-s-du-segur\/","title":{"rendered":"Le 08\/04 pour les oubli\u00e9.e.s du S\u00e9gur"},"content":{"rendered":"\n<p>Plus que jamais il est important de faire entendre nos voix.<\/p>\n\n\n\n<p>Les salari\u00e9\u00b7e\u00b7s et agent\u00b7e\u00b7s du secteur de l\u2019action sociale, m\u00e9dico-sociale, publique et priv\u00e9e, \u00e0 domicile<br>ou en \u00e9tablissements, des Services d\u2019Aide, d\u2019Accompagnement et de Soins \u00e0 Domicile (SAAD, SSIAD\u2026),<br>des EHPA, des \u00e9tablissements des UGECAM sont percut\u00e9s de plein fouet par la crise sanitaire depuis<br>plus d\u2019un an.<\/p>\n\n\n\n<p>le gouvernement s\u2019obstine pourtant \u00e0 gratifier certains professionnels\u2026 et pas<br>d\u2019autres ! Selon les structures, le contrat de travail, un trop gros nombre d\u2019entre nous sont, de nouveau,<br>laiss\u00e9s sur le c\u00f4t\u00e9!<\/p>\n\n\n\n<p>L&#8217;union r\u00e9gionale des syndicats CGT des organismes Sociaux de Rh\u00f4ne-Alpes appel \u00e0 se mettre <strong>en gr\u00e8ve<\/strong> le 08\/04 pour rejoindre le <strong>rassemblement devant les pr\u00e9fectures du Rh\u00f4ne<\/strong> \u00e0 11 hrs  <strong>ou de la Loire<\/strong> \u00e0 10 hrs 30, pour faire \u00e9clater notre col\u00e8re ! <strong>On ne l\u00e2chera rien pour nos r\u00e9mun\u00e9rations et conditions de travail.<\/strong><\/p>\n\n\n\n<div class=\"wp-block-file\"><a href=\"http:\/\/www.osera.fr\/wp-content\/uploads\/2021\/04\/8-04-21.png\">8-04-21<\/a><a href=\"http:\/\/www.osera.fr\/wp-content\/uploads\/2021\/04\/8-04-21.png\" class=\"wp-block-file__button\" download>T\u00e9l\u00e9charger<\/a><\/div>\n\n\n\n<div class=\"wp-block-file\"><a href=\"http:\/\/www.osera.fr\/wp-content\/uploads\/2021\/04\/Tract-interfd-Action08042021.pdf\">Tract-interfd-Action08042021<\/a><a href=\"http:\/\/www.osera.fr\/wp-content\/uploads\/2021\/04\/Tract-interfd-Action08042021.pdf\" class=\"wp-block-file__button\" download>T\u00e9l\u00e9charger<\/a><\/div>\n\n\n\n<div class=\"wp-block-file\"><a href=\"http:\/\/www.osera.fr\/wp-content\/uploads\/2021\/04\/tract-UD-42-aides-a-domicile-8-avril-2021103743.pdf\">tract-UD-42-aides-a-domicile-8-avril-2021103743<\/a><a href=\"http:\/\/www.osera.fr\/wp-content\/uploads\/2021\/04\/tract-UD-42-aides-a-domicile-8-avril-2021103743.pdf\" class=\"wp-block-file__button\" download>T\u00e9l\u00e9charger<\/a><\/div>\n","protected":false},"excerpt":{"rendered":"<p>Plus que jamais il est important de faire entendre nos voix. Les salari\u00e9\u00b7e\u00b7s et agent\u00b7e\u00b7s du secteur de l\u2019action sociale,<\/p>\n","protected":false},"author":4,"featured_media":1736,"comment_status":"open","ping_status":"open","sticky":false,"template":"","format":"standard","meta":{"_EventAllDay":false,"_EventTimezone":"","_EventStartDate":"","_EventEndDate":"","_EventStartDateUTC":"","_EventEndDateUTC":"","_EventShowMap":false,"_EventShowMapLink":false,"_EventURL":"","_EventCost":"","_EventCostDescription":"","_EventCurrencySymbol":"","_EventCurrencyCode":"","_EventCurrencyPosition":"","_EventDateTimeSeparator":"","_EventTimeRangeSeparator":"","_EventOrganizerID":[],"_EventVenueID":0,"_OrganizerEmail":"","_OrganizerPhone":"","_OrganizerWebsite":"","_VenueAddress":"","_VenueCity":"","_VenueCountry":"","_VenueProvince":"","_VenueZip":"","_VenuePhone":"","_VenueURL":"","_VenueStateProvince":"","_VenueLat":"","_VenueLng":"","footnotes":""},"categories":[9],"tags":[],"class_list":["post-1841","post","type-post","status-publish","format-standard","has-post-thumbnail","hentry","category-aide-a-domicile"],"_links":{"self":[{"href":"https:\/\/www.osera.fr\/index.php\/wp-json\/wp\/v2\/posts\/1841","targetHints":{"allow":["GET"]}}],"collection":[{"href":"https:\/\/www.osera.fr\/index.php\/wp-json\/wp\/v2\/posts"}],"about":[{"href":"https:\/\/www.osera.fr\/index.php\/wp-json\/wp\/v2\/types\/post"}],"author":[{"embeddable":true,"href":"https:\/\/www.osera.fr\/index.php\/wp-json\/wp\/v2\/users\/4"}],"replies":[{"embeddable":true,"href":"https:\/\/www.osera.fr\/index.php\/wp-json\/wp\/v2\/comments?post=1841"}],"version-history":[{"count":2,"href":"https:\/\/www.osera.fr\/index.php\/wp-json\/wp\/v2\/posts\/1841\/revisions"}],"predecessor-version":[{"id":1846,"href":"https:\/\/www.osera.fr\/index.php\/wp-json\/wp\/v2\/posts\/1841\/revisions\/1846"}],"wp:featuredmedia":[{"embeddable":true,"href":"https:\/\/www.osera.fr\/index.php\/wp-json\/wp\/v2\/media\/1736"}],"wp:attachment":[{"href":"https:\/\/www.osera.fr\/index.php\/wp-json\/wp\/v2\/media?parent=1841"}],"wp:term":[{"taxonomy":"category","embeddable":true,"href":"https:\/\/www.osera.fr\/index.php\/wp-json\/wp\/v2\/categories?post=1841"},{"taxonomy":"post_tag","embeddable":true,"href":"https:\/\/www.osera.fr\/index.php\/wp-json\/wp\/v2\/tags?post=1841"}],"curies":[{"name":"wp","href":"https:\/\/api.w.org\/{rel}","templated":true}]}}