{"id":1582,"date":"2020-10-09T11:41:10","date_gmt":"2020-10-09T09:41:10","guid":{"rendered":"http:\/\/www.osera.fr\/?p=1582"},"modified":"2020-10-09T11:43:40","modified_gmt":"2020-10-09T09:43:40","slug":"75-ans-de-la-securite-sociale-2020-2021","status":"publish","type":"post","link":"https:\/\/www.osera.fr\/index.php\/2020\/10\/09\/75-ans-de-la-securite-sociale-2020-2021\/","title":{"rendered":"75 ANS DE LA SECURITE SOCIALE 2020 &#8211; 2021"},"content":{"rendered":"\n<p>En Rh\u00f4ne-Alpes c&#8217;est plusieurs d\u00e9partements qui ont organis\u00e9 une journ\u00e9e de d\u00e9bats, suivi dans certains d\u00e9partement de conf\u00e9rence de presse.<\/p>\n\n\n\n<p>Quelques photos<\/p>\n\n\n\n<figure class=\"wp-block-image size-large\"><img loading=\"lazy\" decoding=\"async\" width=\"1024\" height=\"768\" src=\"http:\/\/www.osera.fr\/wp-content\/uploads\/2020\/10\/IMG_20201007_090153-1-1024x768.jpg\" alt=\"\" class=\"wp-image-1586\" srcset=\"https:\/\/www.osera.fr\/wp-content\/uploads\/2020\/10\/IMG_20201007_090153-1-1024x768.jpg 1024w, https:\/\/www.osera.fr\/wp-content\/uploads\/2020\/10\/IMG_20201007_090153-1-300x225.jpg 300w, https:\/\/www.osera.fr\/wp-content\/uploads\/2020\/10\/IMG_20201007_090153-1-768x576.jpg 768w, https:\/\/www.osera.fr\/wp-content\/uploads\/2020\/10\/IMG_20201007_090153-1-1536x1152.jpg 1536w, https:\/\/www.osera.fr\/wp-content\/uploads\/2020\/10\/IMG_20201007_090153-1-2048x1536.jpg 2048w\" sizes=\"auto, (max-width: 1024px) 100vw, 1024px\" \/><\/figure>\n\n\n\n<figure class=\"wp-block-image size-large\"><img loading=\"lazy\" decoding=\"async\" width=\"1024\" height=\"768\" src=\"http:\/\/www.osera.fr\/wp-content\/uploads\/2020\/10\/IMG-20201007-WA0015-1024x768.jpg\" alt=\"\" class=\"wp-image-1584\" srcset=\"https:\/\/www.osera.fr\/wp-content\/uploads\/2020\/10\/IMG-20201007-WA0015-1024x768.jpg 1024w, https:\/\/www.osera.fr\/wp-content\/uploads\/2020\/10\/IMG-20201007-WA0015-300x225.jpg 300w, https:\/\/www.osera.fr\/wp-content\/uploads\/2020\/10\/IMG-20201007-WA0015-768x576.jpg 768w, https:\/\/www.osera.fr\/wp-content\/uploads\/2020\/10\/IMG-20201007-WA0015-1536x1152.jpg 1536w, https:\/\/www.osera.fr\/wp-content\/uploads\/2020\/10\/IMG-20201007-WA0015.jpg 1600w\" sizes=\"auto, (max-width: 1024px) 100vw, 1024px\" \/><figcaption>A LYON BOURSE DU TRAVAIL en visio avec Montreuil<\/figcaption><\/figure>\n\n\n\n<figure class=\"wp-block-image size-large\"><img loading=\"lazy\" decoding=\"async\" width=\"1024\" height=\"769\" src=\"http:\/\/www.osera.fr\/wp-content\/uploads\/2020\/10\/IMG-20201007-WA0020-1-1024x769.jpg\" alt=\"\" class=\"wp-image-1588\" srcset=\"https:\/\/www.osera.fr\/wp-content\/uploads\/2020\/10\/IMG-20201007-WA0020-1-1024x769.jpg 1024w, https:\/\/www.osera.fr\/wp-content\/uploads\/2020\/10\/IMG-20201007-WA0020-1-300x225.jpg 300w, https:\/\/www.osera.fr\/wp-content\/uploads\/2020\/10\/IMG-20201007-WA0020-1-768x576.jpg 768w, https:\/\/www.osera.fr\/wp-content\/uploads\/2020\/10\/IMG-20201007-WA0020-1-1536x1153.jpg 1536w, https:\/\/www.osera.fr\/wp-content\/uploads\/2020\/10\/IMG-20201007-WA0020-1.jpg 1600w\" sizes=\"auto, (max-width: 1024px) 100vw, 1024px\" \/><figcaption>A SAINT ETIENNE<\/figcaption><\/figure>\n\n\n\n<figure class=\"wp-block-embed-youtube wp-block-embed is-type-video is-provider-youtube wp-embed-aspect-16-9 wp-has-aspect-ratio\"><div class=\"wp-block-embed__wrapper\">\n<iframe loading=\"lazy\" title=\"75 ans de la S\u00e9curit\u00e9 Sociale... pour une reconqu\u00eate Part.1\" width=\"800\" height=\"450\" src=\"https:\/\/www.youtube.com\/embed\/euJ6_hDCSog?feature=oembed\" frameborder=\"0\" allow=\"accelerometer; autoplay; clipboard-write; encrypted-media; gyroscope; picture-in-picture\" allowfullscreen><\/iframe>\n<\/div><\/figure>\n\n\n\n<p>De la 1\u00e8re ordonnance du 4 octobre 1945 portant institution de la S\u00e9curit\u00e9 Sociale, de la loi du 22 mai 1946 portant g\u00e9n\u00e9ralisation de la S\u00e9curit\u00e9 Sociale et de la mise en oeuvre r\u00e9el dans les territoires par des b\u00e9n\u00e9voles en grande partie des camarades militants cgt, c&#8217;est 1 ans pour mettre en place le plan, issu du programme du Conseil National de la R\u00e9sistance. Ce plan vise \u00e0 prot\u00e9ger chacun des al\u00e9as de la vie, de la naissance \u00e0 la mort.<\/p>\n\n\n\n<p>Le principe fondateur est : <strong>chacun cotise selon ses moyens et re\u00e7oit selon ses besoins<\/strong>.<\/p>\n\n\n\n<p>Aujourd&#8217;hui \u00e0 l&#8217;aube de ses 75 ans, qu&#8217;en est-il ? <\/p>\n\n\n\n<p><strong>Une s\u00e9curit\u00e9 sociale r\u00e9pondant aux besoins du 21\u00e8me Si\u00e8cle : <span class=\"has-inline-color has-vivid-red-color\">C&#8217;est possible<\/span>.<\/strong> la CGT a des propositions et celles-ci peuvent \u00eatre et doivent \u00eatre largement discut\u00e9es avec l&#8217;ensemble de la population.<\/p>\n\n\n\n<div class=\"wp-block-file\"><a href=\"http:\/\/www.osera.fr\/wp-content\/uploads\/2020\/10\/100-Secu-FNPOS-CGT.pdf\">100-Secu-FNPOS-CGT<\/a><a href=\"http:\/\/www.osera.fr\/wp-content\/uploads\/2020\/10\/100-Secu-FNPOS-CGT.pdf\" class=\"wp-block-file__button\" download>T\u00e9l\u00e9charger<\/a><\/div>\n\n\n\n<p><\/p>\n","protected":false},"excerpt":{"rendered":"<p>En Rh\u00f4ne-Alpes c&#8217;est plusieurs d\u00e9partements qui ont organis\u00e9 une journ\u00e9e de d\u00e9bats, suivi dans certains d\u00e9partement de conf\u00e9rence de presse.<\/p>\n","protected":false},"author":1,"featured_media":1589,"comment_status":"open","ping_status":"open","sticky":false,"template":"","format":"standard","meta":{"_EventAllDay":false,"_EventTimezone":"","_EventStartDate":"","_EventEndDate":"","_EventStartDateUTC":"","_EventEndDateUTC":"","_EventShowMap":false,"_EventShowMapLink":false,"_EventURL":"","_EventCost":"","_EventCostDescription":"","_EventCurrencySymbol":"","_EventCurrencyCode":"","_EventCurrencyPosition":"","_EventDateTimeSeparator":"","_EventTimeRangeSeparator":"","_EventOrganizerID":[],"_EventVenueID":0,"_OrganizerEmail":"","_OrganizerPhone":"","_OrganizerWebsite":"","_VenueAddress":"","_VenueCity":"","_VenueCountry":"","_VenueProvince":"","_VenueZip":"","_VenuePhone":"","_VenueURL":"","_VenueStateProvince":"","_VenueLat":"","_VenueLng":"","footnotes":""},"categories":[3],"tags":[],"class_list":["post-1582","post","type-post","status-publish","format-standard","has-post-thumbnail","hentry","category-fregional"],"_links":{"self":[{"href":"https:\/\/www.osera.fr\/index.php\/wp-json\/wp\/v2\/posts\/1582","targetHints":{"allow":["GET"]}}],"collection":[{"href":"https:\/\/www.osera.fr\/index.php\/wp-json\/wp\/v2\/posts"}],"about":[{"href":"https:\/\/www.osera.fr\/index.php\/wp-json\/wp\/v2\/types\/post"}],"author":[{"embeddable":true,"href":"https:\/\/www.osera.fr\/index.php\/wp-json\/wp\/v2\/users\/1"}],"replies":[{"embeddable":true,"href":"https:\/\/www.osera.fr\/index.php\/wp-json\/wp\/v2\/comments?post=1582"}],"version-history":[{"count":1,"href":"https:\/\/www.osera.fr\/index.php\/wp-json\/wp\/v2\/posts\/1582\/revisions"}],"predecessor-version":[{"id":1590,"href":"https:\/\/www.osera.fr\/index.php\/wp-json\/wp\/v2\/posts\/1582\/revisions\/1590"}],"wp:featuredmedia":[{"embeddable":true,"href":"https:\/\/www.osera.fr\/index.php\/wp-json\/wp\/v2\/media\/1589"}],"wp:attachment":[{"href":"https:\/\/www.osera.fr\/index.php\/wp-json\/wp\/v2\/media?parent=1582"}],"wp:term":[{"taxonomy":"category","embeddable":true,"href":"https:\/\/www.osera.fr\/index.php\/wp-json\/wp\/v2\/categories?post=1582"},{"taxonomy":"post_tag","embeddable":true,"href":"https:\/\/www.osera.fr\/index.php\/wp-json\/wp\/v2\/tags?post=1582"}],"curies":[{"name":"wp","href":"https:\/\/api.w.org\/{rel}","templated":true}]}}