{"id":154,"date":"2017-10-19T18:47:25","date_gmt":"2017-10-19T16:47:25","guid":{"rendered":"http:\/\/osera.fr\/?p=154"},"modified":"2017-10-24T18:52:01","modified_gmt":"2017-10-24T16:52:01","slug":"contre-la-loi-xxl-dans-la-rue-le-19-oct","status":"publish","type":"post","link":"https:\/\/www.osera.fr\/index.php\/2017\/10\/19\/contre-la-loi-xxl-dans-la-rue-le-19-oct\/","title":{"rendered":"Contre la Loi XXL dans la rue le 19 oct"},"content":{"rendered":"<p>Aujourd\u2019hui, ce sont des dizaines de milliers de salari\u00e9s mais aussi priv\u00e9s d\u2019emploi, retrait\u00e9s, jeunes qui ont de nouveau fait la d\u00e9marche de s\u2019engager dans les diff\u00e9rentes initiatives propos\u00e9es par la CGT.<br class=\"autobr\" \/> Que ce soit sous forme de d\u00e9brayages, signatures de p\u00e9titions, assembl\u00e9es g\u00e9n\u00e9rales dans les entreprises, participation aux rassemblements ou manifestations, le refus de subir une d\u00e9gradation de ses droits au travail reste tr\u00e8s fort.<br class=\"autobr\" \/> La mobilisation, depuis septembre, a permis de d\u00e9montrer que le programme lib\u00e9ral de Macron et de son gouvernement, r\u00e9pondant aux exigences patronales, ne remporte pas l\u2019accord des premiers concern\u00e9s\u00a0: la jeunesse, les salari\u00e9s, priv\u00e9s d\u2019emploi et retrait\u00e9s.<br class=\"autobr\" \/> Face au dumping social g\u00e9n\u00e9ralis\u00e9, \u00e0 la hausse des in\u00e9galit\u00e9s qui en sont la cons\u00e9quence, la CGT n\u2019acceptera pas la disparition des conquis sociaux.<br class=\"autobr\" \/> La succession de contre r\u00e9formes visant \u00e0 favoriser les plus riches, \u00e0 r\u00e9duire les droits des plus fragiles ne peut devenir le nouveau mod\u00e8le antisocial fran\u00e7ais\u00a0; la loi de la jungle m\u00eame reformul\u00e9e sous d\u2019habiles formulations reste inacceptable.<br class=\"autobr\" \/> La CGT prendra une nouvelle fois toutes ses responsabilit\u00e9s, en proposant d\u00e8s la semaine prochaines, aux autres organisations syndicales une journ\u00e9e d\u2019action interprofessionnelle en novembre pour liquider le contenu des ordonnances\u00a0; \u00e9galement peser pour un apprentissage, une formation professionnelle et une assurance ch\u00f4mage de qualit\u00e9\u00a0!<br class=\"autobr\" \/> Face \u00e0 la volont\u00e9 de ce gouvernement de transformation lib\u00e9rale, le meilleur rem\u00e8de reste l\u2019unit\u00e9 des salari\u00e9s dans la d\u00e9fense et la conqu\u00eate de nouveaux droits.<br class=\"autobr\" \/> Leur engagement dans des syndicats CGT pour, collectivement, faire face \u00e0 la loi des patrons, reste la meilleure solution.<br class=\"autobr\" \/> La CGT, avec ses syndicats, ne se r\u00e9signera pas \u00e0 subir sans agir\u00a0!<\/p>\n","protected":false},"excerpt":{"rendered":"<p>Aujourd\u2019hui, ce sont des dizaines de milliers de salari\u00e9s mais aussi priv\u00e9s d\u2019emploi, retrait\u00e9s, jeunes qui ont de nouveau fait<\/p>\n","protected":false},"author":2,"featured_media":125,"comment_status":"open","ping_status":"open","sticky":false,"template":"","format":"standard","meta":{"_EventAllDay":false,"_EventTimezone":"","_EventStartDate":"","_EventEndDate":"","_EventStartDateUTC":"","_EventEndDateUTC":"","_EventShowMap":false,"_EventShowMapLink":false,"_EventURL":"","_EventCost":"","_EventCostDescription":"","_EventCurrencySymbol":"","_EventCurrencyCode":"","_EventCurrencyPosition":"","_EventDateTimeSeparator":"","_EventTimeRangeSeparator":"","_EventOrganizerID":[],"_EventVenueID":0,"_OrganizerEmail":"","_OrganizerPhone":"","_OrganizerWebsite":"","_VenueAddress":"","_VenueCity":"","_VenueCountry":"","_VenueProvince":"","_VenueZip":"","_VenuePhone":"","_VenueURL":"","_VenueStateProvince":"","_VenueLat":"","_VenueLng":"","footnotes":""},"categories":[4],"tags":[],"class_list":["post-154","post","type-post","status-publish","format-standard","has-post-thumbnail","hentry","category-luttes"],"_links":{"self":[{"href":"https:\/\/www.osera.fr\/index.php\/wp-json\/wp\/v2\/posts\/154","targetHints":{"allow":["GET"]}}],"collection":[{"href":"https:\/\/www.osera.fr\/index.php\/wp-json\/wp\/v2\/posts"}],"about":[{"href":"https:\/\/www.osera.fr\/index.php\/wp-json\/wp\/v2\/types\/post"}],"author":[{"embeddable":true,"href":"https:\/\/www.osera.fr\/index.php\/wp-json\/wp\/v2\/users\/2"}],"replies":[{"embeddable":true,"href":"https:\/\/www.osera.fr\/index.php\/wp-json\/wp\/v2\/comments?post=154"}],"version-history":[{"count":1,"href":"https:\/\/www.osera.fr\/index.php\/wp-json\/wp\/v2\/posts\/154\/revisions"}],"predecessor-version":[{"id":155,"href":"https:\/\/www.osera.fr\/index.php\/wp-json\/wp\/v2\/posts\/154\/revisions\/155"}],"wp:featuredmedia":[{"embeddable":true,"href":"https:\/\/www.osera.fr\/index.php\/wp-json\/wp\/v2\/media\/125"}],"wp:attachment":[{"href":"https:\/\/www.osera.fr\/index.php\/wp-json\/wp\/v2\/media?parent=154"}],"wp:term":[{"taxonomy":"category","embeddable":true,"href":"https:\/\/www.osera.fr\/index.php\/wp-json\/wp\/v2\/categories?post=154"},{"taxonomy":"post_tag","embeddable":true,"href":"https:\/\/www.osera.fr\/index.php\/wp-json\/wp\/v2\/tags?post=154"}],"curies":[{"name":"wp","href":"https:\/\/api.w.org\/{rel}","templated":true}]}}