{"id":1484,"date":"2020-06-14T09:48:55","date_gmt":"2020-06-14T07:48:55","guid":{"rendered":"http:\/\/www.osera.fr\/?p=1484"},"modified":"2020-06-14T10:07:35","modified_gmt":"2020-06-14T08:07:35","slug":"16-juin-2020-les-organismes-sociaux-en-greve-et-en-manifestation","status":"publish","type":"post","link":"https:\/\/www.osera.fr\/index.php\/2020\/06\/14\/16-juin-2020-les-organismes-sociaux-en-greve-et-en-manifestation\/","title":{"rendered":"16 JUIN 2020 LES ORGANISMES SOCIAUX EN GREVE ET EN MANIFESTATION"},"content":{"rendered":"\n<p>Applaudis, Encens\u00e9s tels des h\u00e9ros, et maintenant, qu&#8217;en est-il de la reconnaissance des salari\u00e9s de l&#8217;Aide et Maintien \u00e0 Domicile, des salari\u00e9s de l&#8217;UGECAM, les salari\u00e9s de la S\u00e9curit\u00e9 Sociale r\u00e9gime g\u00e9n\u00e9ral et MSA, des salari\u00e9s de P\u00f4le Emploi &#8230; <\/p>\n\n\n\n<p>Qu&#8217;en est-il de notre syst\u00e8me de protection sociale qui a permis \u00e0 chacun de pouvoir survivre, doit on continuer la politique capitaliste d&#8217;\u00e9tatisation et du tout marchand ou ne devons nous pas tirer parti de cette malheureuse exp\u00e9rience de crise sanitaire en construisant une S\u00e9curit\u00e9 Sociale prenant en charge la totalit\u00e9 de la protection sociale ???<\/p>\n\n\n\n<p>ARTICLE PRESSE UGECAM RHONE ALPES<\/p>\n\n\n\n<div class=\"wp-block-file\"><a href=\"http:\/\/www.osera.fr\/wp-content\/uploads\/2020\/06\/Article-gre\u0300ve-.pdf\">Article-gre\u0300ve-<\/a><a href=\"http:\/\/www.osera.fr\/wp-content\/uploads\/2020\/06\/Article-gre\u0300ve-.pdf\" class=\"wp-block-file__button\" download>T\u00e9l\u00e9charger<\/a><\/div>\n\n\n\n<p>APPEL CPAM de l&#8217;AIN<\/p>\n\n\n\n<div class=\"wp-block-file\"><a href=\"http:\/\/www.osera.fr\/wp-content\/uploads\/2020\/06\/Augmentez-valeur-du-point-160620-CPAM.pdf\">Augmentez-valeur-du-point-160620-CPAM<\/a><a href=\"http:\/\/www.osera.fr\/wp-content\/uploads\/2020\/06\/Augmentez-valeur-du-point-160620-CPAM.pdf\" class=\"wp-block-file__button\" download>T\u00e9l\u00e9charger<\/a><\/div>\n\n\n\n<div class=\"wp-block-file\"><a href=\"http:\/\/www.osera.fr\/wp-content\/uploads\/2020\/06\/GREVE-CPAM-69.docx\">APPEL CPAM du RHONE<br>GREVE-CPAM-69<\/a><a href=\"http:\/\/www.osera.fr\/wp-content\/uploads\/2020\/06\/GREVE-CPAM-69.docx\" class=\"wp-block-file__button\" download>T\u00e9l\u00e9charger<\/a><\/div>\n\n\n\n<p>APPEL AIDE A DOMICILE NATIONAL <\/p>\n\n\n\n<div class=\"wp-block-file\"><a href=\"http:\/\/www.osera.fr\/wp-content\/uploads\/2020\/06\/16-juin20-tract-mardi_de_l_impatiencesansbul.pdf\">16-juin20-tract-mardi_de_l_impatiencesansbul<\/a><a href=\"http:\/\/www.osera.fr\/wp-content\/uploads\/2020\/06\/16-juin20-tract-mardi_de_l_impatiencesansbul.pdf\" class=\"wp-block-file__button\" download>T\u00e9l\u00e9charger<\/a><\/div>\n\n\n\n<p><\/p>\n","protected":false},"excerpt":{"rendered":"<p>Applaudis, Encens\u00e9s tels des h\u00e9ros, et maintenant, qu&#8217;en est-il de la reconnaissance des salari\u00e9s de l&#8217;Aide et Maintien \u00e0 Domicile,<\/p>\n","protected":false},"author":1,"featured_media":1201,"comment_status":"open","ping_status":"open","sticky":false,"template":"","format":"standard","meta":{"_EventAllDay":false,"_EventTimezone":"","_EventStartDate":"","_EventEndDate":"","_EventStartDateUTC":"","_EventEndDateUTC":"","_EventShowMap":false,"_EventShowMapLink":false,"_EventURL":"","_EventCost":"","_EventCostDescription":"","_EventCurrencySymbol":"","_EventCurrencyCode":"","_EventCurrencyPosition":"","_EventDateTimeSeparator":"","_EventTimeRangeSeparator":"","_EventOrganizerID":[],"_EventVenueID":0,"_OrganizerEmail":"","_OrganizerPhone":"","_OrganizerWebsite":"","_VenueAddress":"","_VenueCity":"","_VenueCountry":"","_VenueProvince":"","_VenueZip":"","_VenuePhone":"","_VenueURL":"","_VenueStateProvince":"","_VenueLat":"","_VenueLng":"","footnotes":""},"categories":[3],"tags":[],"class_list":["post-1484","post","type-post","status-publish","format-standard","has-post-thumbnail","hentry","category-fregional"],"_links":{"self":[{"href":"https:\/\/www.osera.fr\/index.php\/wp-json\/wp\/v2\/posts\/1484","targetHints":{"allow":["GET"]}}],"collection":[{"href":"https:\/\/www.osera.fr\/index.php\/wp-json\/wp\/v2\/posts"}],"about":[{"href":"https:\/\/www.osera.fr\/index.php\/wp-json\/wp\/v2\/types\/post"}],"author":[{"embeddable":true,"href":"https:\/\/www.osera.fr\/index.php\/wp-json\/wp\/v2\/users\/1"}],"replies":[{"embeddable":true,"href":"https:\/\/www.osera.fr\/index.php\/wp-json\/wp\/v2\/comments?post=1484"}],"version-history":[{"count":2,"href":"https:\/\/www.osera.fr\/index.php\/wp-json\/wp\/v2\/posts\/1484\/revisions"}],"predecessor-version":[{"id":1499,"href":"https:\/\/www.osera.fr\/index.php\/wp-json\/wp\/v2\/posts\/1484\/revisions\/1499"}],"wp:featuredmedia":[{"embeddable":true,"href":"https:\/\/www.osera.fr\/index.php\/wp-json\/wp\/v2\/media\/1201"}],"wp:attachment":[{"href":"https:\/\/www.osera.fr\/index.php\/wp-json\/wp\/v2\/media?parent=1484"}],"wp:term":[{"taxonomy":"category","embeddable":true,"href":"https:\/\/www.osera.fr\/index.php\/wp-json\/wp\/v2\/categories?post=1484"},{"taxonomy":"post_tag","embeddable":true,"href":"https:\/\/www.osera.fr\/index.php\/wp-json\/wp\/v2\/tags?post=1484"}],"curies":[{"name":"wp","href":"https:\/\/api.w.org\/{rel}","templated":true}]}}