{"id":1387,"date":"2020-03-23T16:08:38","date_gmt":"2020-03-23T15:08:38","guid":{"rendered":"http:\/\/www.osera.fr\/?p=1387"},"modified":"2020-03-23T16:08:38","modified_gmt":"2020-03-23T15:08:38","slug":"covid-19-cr-rencontre-direction-cgt-cpam-01","status":"publish","type":"post","link":"https:\/\/www.osera.fr\/index.php\/2020\/03\/23\/covid-19-cr-rencontre-direction-cgt-cpam-01\/","title":{"rendered":"COVID 19 : CR RENCONTRE DIRECTION CGT CPAM 01"},"content":{"rendered":"\n<p>Je vous invite \u00e0 lire ce compte rendu. Cet \u00e9difiant comme la direction exclue les organisations syndicales et les \u00e9lus dans cette p\u00e9riode o\u00f9 les salari\u00e9s sont en fragilit\u00e9.<\/p>\n\n\n\n<div class=\"wp-block-file\"><a href=\"http:\/\/www.osera.fr\/wp-content\/uploads\/2020\/03\/1-COMPTE-RENDU-ENTREVUE-AVEC-LA-DG-CPAM-01-du-vendredi-20-mars-2020-1.docx\">1-COMPTE-RENDU-ENTREVUE-AVEC-LA-DG-CPAM-01-du-vendredi-20-mars-2020-1<\/a><a href=\"http:\/\/www.osera.fr\/wp-content\/uploads\/2020\/03\/1-COMPTE-RENDU-ENTREVUE-AVEC-LA-DG-CPAM-01-du-vendredi-20-mars-2020-1.docx\" class=\"wp-block-file__button\" download>T\u00e9l\u00e9charger<\/a><\/div>\n","protected":false},"excerpt":{"rendered":"<p>Je vous invite \u00e0 lire ce compte rendu. Cet \u00e9difiant comme la direction exclue les organisations syndicales et les \u00e9lus<\/p>\n","protected":false},"author":1,"featured_media":1389,"comment_status":"open","ping_status":"open","sticky":false,"template":"","format":"standard","meta":{"_EventAllDay":false,"_EventTimezone":"","_EventStartDate":"","_EventEndDate":"","_EventStartDateUTC":"","_EventEndDateUTC":"","_EventShowMap":false,"_EventShowMapLink":false,"_EventURL":"","_EventCost":"","_EventCostDescription":"","_EventCurrencySymbol":"","_EventCurrencyCode":"","_EventCurrencyPosition":"","_EventDateTimeSeparator":"","_EventTimeRangeSeparator":"","_EventOrganizerID":[],"_EventVenueID":0,"_OrganizerEmail":"","_OrganizerPhone":"","_OrganizerWebsite":"","_VenueAddress":"","_VenueCity":"","_VenueCountry":"","_VenueProvince":"","_VenueZip":"","_VenuePhone":"","_VenueURL":"","_VenueStateProvince":"","_VenueLat":"","_VenueLng":"","footnotes":""},"categories":[5],"tags":[],"class_list":["post-1387","post","type-post","status-publish","format-standard","has-post-thumbnail","hentry","category-ca-se-passe-dans-ma-caisse"],"_links":{"self":[{"href":"https:\/\/www.osera.fr\/index.php\/wp-json\/wp\/v2\/posts\/1387","targetHints":{"allow":["GET"]}}],"collection":[{"href":"https:\/\/www.osera.fr\/index.php\/wp-json\/wp\/v2\/posts"}],"about":[{"href":"https:\/\/www.osera.fr\/index.php\/wp-json\/wp\/v2\/types\/post"}],"author":[{"embeddable":true,"href":"https:\/\/www.osera.fr\/index.php\/wp-json\/wp\/v2\/users\/1"}],"replies":[{"embeddable":true,"href":"https:\/\/www.osera.fr\/index.php\/wp-json\/wp\/v2\/comments?post=1387"}],"version-history":[{"count":1,"href":"https:\/\/www.osera.fr\/index.php\/wp-json\/wp\/v2\/posts\/1387\/revisions"}],"predecessor-version":[{"id":1390,"href":"https:\/\/www.osera.fr\/index.php\/wp-json\/wp\/v2\/posts\/1387\/revisions\/1390"}],"wp:featuredmedia":[{"embeddable":true,"href":"https:\/\/www.osera.fr\/index.php\/wp-json\/wp\/v2\/media\/1389"}],"wp:attachment":[{"href":"https:\/\/www.osera.fr\/index.php\/wp-json\/wp\/v2\/media?parent=1387"}],"wp:term":[{"taxonomy":"category","embeddable":true,"href":"https:\/\/www.osera.fr\/index.php\/wp-json\/wp\/v2\/categories?post=1387"},{"taxonomy":"post_tag","embeddable":true,"href":"https:\/\/www.osera.fr\/index.php\/wp-json\/wp\/v2\/tags?post=1387"}],"curies":[{"name":"wp","href":"https:\/\/api.w.org\/{rel}","templated":true}]}}