{"id":1384,"date":"2020-03-23T15:14:05","date_gmt":"2020-03-23T14:14:05","guid":{"rendered":"http:\/\/www.osera.fr\/?p=1384"},"modified":"2020-03-23T15:14:05","modified_gmt":"2020-03-23T14:14:05","slug":"joindre-la-cgt-cpam-69","status":"publish","type":"post","link":"https:\/\/www.osera.fr\/index.php\/2020\/03\/23\/joindre-la-cgt-cpam-69\/","title":{"rendered":"JOINDRE LA CGT CPAM 69"},"content":{"rendered":"\n<p>La CGT CPAM 69 a cr\u00e9\u00e9 une adresse mail.<\/p>\n\n\n\n<p>Le syndicat vous invite \u00e0 y poser vos questions. L&#8217;organisation syndicale et ses \u00e9lus sont en contact avec la direction pour faire remonter vos interrogations et garantir vos droits dans une p\u00e9riode difficile pour l&#8217;ensemble de la population. <a href=\"cgtugictcpam69@gmail.com\">cgtugictcpam69@gmail.com<\/a><\/p>\n\n\n\n<p><\/p>\n\n\n\n<p>Dans le but de rester en contact avec les salari\u00e9s la CGT CPAM 69 s&#8217;est aussi dot\u00e9e d&#8217;une page facebook de fa\u00e7on \u00e0 \u00e9changer virtuellement. <a href=\"http:\/\/CGTCPAM69\">http:\/\/CGTCPAM69<\/a><\/p>\n\n\n\n<p>En attendant de pouvoir \u00e0 nouveau \u00e9changer physiquement, prenez soin de vous, prot\u00e9gez-vous, respecter les r\u00e8gles de confinement.<\/p>\n\n\n\n<p>La CGT toujours aupr\u00e8s de tous les salari\u00e9s.<\/p>\n","protected":false},"excerpt":{"rendered":"<p>La CGT CPAM 69 a cr\u00e9\u00e9 une adresse mail. Le syndicat vous invite \u00e0 y poser vos questions. L&#8217;organisation syndicale<\/p>\n","protected":false},"author":1,"featured_media":1385,"comment_status":"open","ping_status":"open","sticky":false,"template":"","format":"standard","meta":{"_EventAllDay":false,"_EventTimezone":"","_EventStartDate":"","_EventEndDate":"","_EventStartDateUTC":"","_EventEndDateUTC":"","_EventShowMap":false,"_EventShowMapLink":false,"_EventURL":"","_EventCost":"","_EventCostDescription":"","_EventCurrencySymbol":"","_EventCurrencyCode":"","_EventCurrencyPosition":"","_EventDateTimeSeparator":"","_EventTimeRangeSeparator":"","_EventOrganizerID":[],"_EventVenueID":0,"_OrganizerEmail":"","_OrganizerPhone":"","_OrganizerWebsite":"","_VenueAddress":"","_VenueCity":"","_VenueCountry":"","_VenueProvince":"","_VenueZip":"","_VenuePhone":"","_VenueURL":"","_VenueStateProvince":"","_VenueLat":"","_VenueLng":"","footnotes":""},"categories":[5],"tags":[],"class_list":["post-1384","post","type-post","status-publish","format-standard","has-post-thumbnail","hentry","category-ca-se-passe-dans-ma-caisse"],"_links":{"self":[{"href":"https:\/\/www.osera.fr\/index.php\/wp-json\/wp\/v2\/posts\/1384","targetHints":{"allow":["GET"]}}],"collection":[{"href":"https:\/\/www.osera.fr\/index.php\/wp-json\/wp\/v2\/posts"}],"about":[{"href":"https:\/\/www.osera.fr\/index.php\/wp-json\/wp\/v2\/types\/post"}],"author":[{"embeddable":true,"href":"https:\/\/www.osera.fr\/index.php\/wp-json\/wp\/v2\/users\/1"}],"replies":[{"embeddable":true,"href":"https:\/\/www.osera.fr\/index.php\/wp-json\/wp\/v2\/comments?post=1384"}],"version-history":[{"count":1,"href":"https:\/\/www.osera.fr\/index.php\/wp-json\/wp\/v2\/posts\/1384\/revisions"}],"predecessor-version":[{"id":1386,"href":"https:\/\/www.osera.fr\/index.php\/wp-json\/wp\/v2\/posts\/1384\/revisions\/1386"}],"wp:featuredmedia":[{"embeddable":true,"href":"https:\/\/www.osera.fr\/index.php\/wp-json\/wp\/v2\/media\/1385"}],"wp:attachment":[{"href":"https:\/\/www.osera.fr\/index.php\/wp-json\/wp\/v2\/media?parent=1384"}],"wp:term":[{"taxonomy":"category","embeddable":true,"href":"https:\/\/www.osera.fr\/index.php\/wp-json\/wp\/v2\/categories?post=1384"},{"taxonomy":"post_tag","embeddable":true,"href":"https:\/\/www.osera.fr\/index.php\/wp-json\/wp\/v2\/tags?post=1384"}],"curies":[{"name":"wp","href":"https:\/\/api.w.org\/{rel}","templated":true}]}}