{"id":1033,"date":"2019-05-02T17:19:53","date_gmt":"2019-05-02T15:19:53","guid":{"rendered":"http:\/\/www.osera.fr\/?p=1033"},"modified":"2019-05-02T17:19:55","modified_gmt":"2019-05-02T15:19:55","slug":"manifestation-en-rhone-alpes","status":"publish","type":"post","link":"https:\/\/www.osera.fr\/index.php\/2019\/05\/02\/manifestation-en-rhone-alpes\/","title":{"rendered":"MANIFESTATION EN RHONE ALPES"},"content":{"rendered":"\n<p><strong>Nous \u00e9tions nombreux dans la rue ce 1er mai \u00e0 exprimer notre col\u00e8re face \u00e0 la politique d&#8217;aust\u00e9rit\u00e9 conduite par le gouvernement \u00e0 la botte des plus riches.<\/strong><\/p>\n\n\n\n<p><strong>Nombreux \u00e0 revendiquer le juste partage des richesses et la r\u00e9mun\u00e9ration de la force de travail.<\/strong><\/p>\n\n\n\n<p><strong>ON LACHE RIEN !<\/strong><\/p>\n\n\n\n<p>Quelques chiffres des manifestants dans les 8 d\u00e9partements de Rh\u00f4ne Alpes :<\/p>\n\n\n\n<p>AIN : 1150 &#8211; ARDECHE : 1960 &#8211; DROME : 4950 &#8211; ISERE : 10300 &#8211; LOIRE : 7200 &#8211; RHONE : 10300 &#8211; SAVOIE : 1900 &#8211; HAUTE SAVOIE : 1700. (d\u00e9tail des lieux ci-dessous).<\/p>\n\n\n\n<div class=\"wp-block-file\"><a href=\"http:\/\/www.osera.fr\/wp-content\/uploads\/2019\/05\/MANIFESTATIONS-01.05.2019.pdf\"><br>MANIFESTATIONS &#8211; 01.05.2019<\/a><a href=\"http:\/\/www.osera.fr\/wp-content\/uploads\/2019\/05\/MANIFESTATIONS-01.05.2019.pdf\" class=\"wp-block-file__button\" download>T\u00e9l\u00e9charger<\/a><\/div>\n\n\n\n<figure class=\"wp-block-image\"><img loading=\"lazy\" decoding=\"async\" width=\"1024\" height=\"598\" src=\"http:\/\/www.osera.fr\/wp-content\/uploads\/2019\/05\/1er-mai-ST-ETIENNE-1024x598.jpg\" alt=\"\" class=\"wp-image-1036\" srcset=\"https:\/\/www.osera.fr\/wp-content\/uploads\/2019\/05\/1er-mai-ST-ETIENNE-1024x598.jpg 1024w, https:\/\/www.osera.fr\/wp-content\/uploads\/2019\/05\/1er-mai-ST-ETIENNE-300x175.jpg 300w, https:\/\/www.osera.fr\/wp-content\/uploads\/2019\/05\/1er-mai-ST-ETIENNE-768x448.jpg 768w, https:\/\/www.osera.fr\/wp-content\/uploads\/2019\/05\/1er-mai-ST-ETIENNE.jpg 1542w\" sizes=\"auto, (max-width: 1024px) 100vw, 1024px\" \/><figcaption><br>Manif \u00e0 ST ETIENNE<br><\/figcaption><\/figure>\n\n\n\n<figure class=\"wp-block-image\"><img loading=\"lazy\" decoding=\"async\" width=\"1024\" height=\"768\" src=\"http:\/\/www.osera.fr\/wp-content\/uploads\/2019\/05\/1er-mai-LYON-1-1024x768.jpg\" alt=\"\" class=\"wp-image-1038\" srcset=\"https:\/\/www.osera.fr\/wp-content\/uploads\/2019\/05\/1er-mai-LYON-1-1024x768.jpg 1024w, https:\/\/www.osera.fr\/wp-content\/uploads\/2019\/05\/1er-mai-LYON-1-300x225.jpg 300w, https:\/\/www.osera.fr\/wp-content\/uploads\/2019\/05\/1er-mai-LYON-1-768x576.jpg 768w\" sizes=\"auto, (max-width: 1024px) 100vw, 1024px\" \/><figcaption>Manif \u00e0 LYON<\/figcaption><\/figure>\n","protected":false},"excerpt":{"rendered":"<p>Nous \u00e9tions nombreux dans la rue ce 1er mai \u00e0 exprimer notre col\u00e8re face \u00e0 la politique d&#8217;aust\u00e9rit\u00e9 conduite par<\/p>\n","protected":false},"author":1,"featured_media":1034,"comment_status":"open","ping_status":"open","sticky":false,"template":"","format":"standard","meta":{"_EventAllDay":false,"_EventTimezone":"","_EventStartDate":"","_EventEndDate":"","_EventStartDateUTC":"","_EventEndDateUTC":"","_EventShowMap":false,"_EventShowMapLink":false,"_EventURL":"","_EventCost":"","_EventCostDescription":"","_EventCurrencySymbol":"","_EventCurrencyCode":"","_EventCurrencyPosition":"","_EventDateTimeSeparator":"","_EventTimeRangeSeparator":"","_EventOrganizerID":[],"_EventVenueID":0,"_OrganizerEmail":"","_OrganizerPhone":"","_OrganizerWebsite":"","_VenueAddress":"","_VenueCity":"","_VenueCountry":"","_VenueProvince":"","_VenueZip":"","_VenuePhone":"","_VenueURL":"","_VenueStateProvince":"","_VenueLat":"","_VenueLng":"","footnotes":""},"categories":[3],"tags":[],"class_list":["post-1033","post","type-post","status-publish","format-standard","has-post-thumbnail","hentry","category-fregional"],"_links":{"self":[{"href":"https:\/\/www.osera.fr\/index.php\/wp-json\/wp\/v2\/posts\/1033","targetHints":{"allow":["GET"]}}],"collection":[{"href":"https:\/\/www.osera.fr\/index.php\/wp-json\/wp\/v2\/posts"}],"about":[{"href":"https:\/\/www.osera.fr\/index.php\/wp-json\/wp\/v2\/types\/post"}],"author":[{"embeddable":true,"href":"https:\/\/www.osera.fr\/index.php\/wp-json\/wp\/v2\/users\/1"}],"replies":[{"embeddable":true,"href":"https:\/\/www.osera.fr\/index.php\/wp-json\/wp\/v2\/comments?post=1033"}],"version-history":[{"count":1,"href":"https:\/\/www.osera.fr\/index.php\/wp-json\/wp\/v2\/posts\/1033\/revisions"}],"predecessor-version":[{"id":1040,"href":"https:\/\/www.osera.fr\/index.php\/wp-json\/wp\/v2\/posts\/1033\/revisions\/1040"}],"wp:featuredmedia":[{"embeddable":true,"href":"https:\/\/www.osera.fr\/index.php\/wp-json\/wp\/v2\/media\/1034"}],"wp:attachment":[{"href":"https:\/\/www.osera.fr\/index.php\/wp-json\/wp\/v2\/media?parent=1033"}],"wp:term":[{"taxonomy":"category","embeddable":true,"href":"https:\/\/www.osera.fr\/index.php\/wp-json\/wp\/v2\/categories?post=1033"},{"taxonomy":"post_tag","embeddable":true,"href":"https:\/\/www.osera.fr\/index.php\/wp-json\/wp\/v2\/tags?post=1033"}],"curies":[{"name":"wp","href":"https:\/\/api.w.org\/{rel}","templated":true}]}}