{"id":1029,"date":"2019-04-17T11:22:03","date_gmt":"2019-04-17T09:22:03","guid":{"rendered":"http:\/\/www.osera.fr\/?p=1029"},"modified":"2019-04-17T11:22:04","modified_gmt":"2019-04-17T09:22:04","slug":"remuneration-du-personnel-de-la-securite-sociale","status":"publish","type":"post","link":"https:\/\/www.osera.fr\/index.php\/2019\/04\/17\/remuneration-du-personnel-de-la-securite-sociale\/","title":{"rendered":"R\u00e9mun\u00e9ration du Personnel de la S\u00e9curit\u00e9 Sociale"},"content":{"rendered":"\n<p>Petite explication, en image, sur la RMPP (R\u00e9mun\u00e9ration Moyenne du Personnel en Place).<\/p>\n\n\n\n<p><\/p>\n\n\n\n<p><a href=\"https:\/\/m.facebook.com\/story.php?story_fbid=1223088127871761&amp;id=100005117555918&amp;sfnsn=mo\">https:\/\/m.facebook.com\/story.php?story_fbid=1223088127871761&amp;id=100005117555918&amp;sfnsn=mo<\/a><\/p>\n","protected":false},"excerpt":{"rendered":"<p>Petite explication, en image, sur la RMPP (R\u00e9mun\u00e9ration Moyenne du Personnel en Place). https:\/\/m.facebook.com\/story.php?story_fbid=1223088127871761&amp;id=100005117555918&amp;sfnsn=mo<\/p>\n","protected":false},"author":1,"featured_media":940,"comment_status":"open","ping_status":"open","sticky":false,"template":"","format":"standard","meta":{"_EventAllDay":false,"_EventTimezone":"","_EventStartDate":"","_EventEndDate":"","_EventStartDateUTC":"","_EventEndDateUTC":"","_EventShowMap":false,"_EventShowMapLink":false,"_EventURL":"","_EventCost":"","_EventCostDescription":"","_EventCurrencySymbol":"","_EventCurrencyCode":"","_EventCurrencyPosition":"","_EventDateTimeSeparator":"","_EventTimeRangeSeparator":"","_EventOrganizerID":[],"_EventVenueID":0,"_OrganizerEmail":"","_OrganizerPhone":"","_OrganizerWebsite":"","_VenueAddress":"","_VenueCity":"","_VenueCountry":"","_VenueProvince":"","_VenueZip":"","_VenuePhone":"","_VenueURL":"","_VenueStateProvince":"","_VenueLat":"","_VenueLng":"","footnotes":""},"categories":[3],"tags":[],"class_list":["post-1029","post","type-post","status-publish","format-standard","has-post-thumbnail","hentry","category-fregional"],"_links":{"self":[{"href":"https:\/\/www.osera.fr\/index.php\/wp-json\/wp\/v2\/posts\/1029","targetHints":{"allow":["GET"]}}],"collection":[{"href":"https:\/\/www.osera.fr\/index.php\/wp-json\/wp\/v2\/posts"}],"about":[{"href":"https:\/\/www.osera.fr\/index.php\/wp-json\/wp\/v2\/types\/post"}],"author":[{"embeddable":true,"href":"https:\/\/www.osera.fr\/index.php\/wp-json\/wp\/v2\/users\/1"}],"replies":[{"embeddable":true,"href":"https:\/\/www.osera.fr\/index.php\/wp-json\/wp\/v2\/comments?post=1029"}],"version-history":[{"count":2,"href":"https:\/\/www.osera.fr\/index.php\/wp-json\/wp\/v2\/posts\/1029\/revisions"}],"predecessor-version":[{"id":1031,"href":"https:\/\/www.osera.fr\/index.php\/wp-json\/wp\/v2\/posts\/1029\/revisions\/1031"}],"wp:featuredmedia":[{"embeddable":true,"href":"https:\/\/www.osera.fr\/index.php\/wp-json\/wp\/v2\/media\/940"}],"wp:attachment":[{"href":"https:\/\/www.osera.fr\/index.php\/wp-json\/wp\/v2\/media?parent=1029"}],"wp:term":[{"taxonomy":"category","embeddable":true,"href":"https:\/\/www.osera.fr\/index.php\/wp-json\/wp\/v2\/categories?post=1029"},{"taxonomy":"post_tag","embeddable":true,"href":"https:\/\/www.osera.fr\/index.php\/wp-json\/wp\/v2\/tags?post=1029"}],"curies":[{"name":"wp","href":"https:\/\/api.w.org\/{rel}","templated":true}]}}