{"id":1019,"date":"2019-04-15T10:41:49","date_gmt":"2019-04-15T08:41:49","guid":{"rendered":"http:\/\/www.osera.fr\/?p=1019"},"modified":"2019-04-15T10:48:08","modified_gmt":"2019-04-15T08:48:08","slug":"elections-cpam-de-la-drome","status":"publish","type":"post","link":"https:\/\/www.osera.fr\/index.php\/2019\/04\/15\/elections-cpam-de-la-drome\/","title":{"rendered":"ELECTIONS CPAM DE LA DROME"},"content":{"rendered":"\n<p>Tout d\u2019abord le taux de participation surtout pour le coll\u00e8ge employ\u00e9 est en forte baisse par rapport il y a 4 ans (environ 80%, il y\u2019a 4 ans). Il est de seulement 63% cette ann\u00e9e pour le CSE ( \u00e0 noter que pour la premi\u00e8re fois, le vote \u00e9tait \u00e9lectronique uniquement).&nbsp;<\/p>\n\n\n\n<p>Pour l\u2019encadrement la perte est &nbsp;plus faible , puisque le taux de participation s\u2019\u00e9l\u00e8ve \u00e0 73%.&nbsp;&nbsp;Ensuite ,\u00e0 noter que &nbsp;la CGT n\u2019avait pas de candidat dans le coll\u00e8ge cadre.&nbsp;<\/p>\n\n\n\n<p>En nette progression depuis les derni\u00e8res \u00e9lections la CGT est au coude \u00e0 coude avec l&#8217;UNSA (6 voix d&#8217;\u00e9carts) et on peu regretter le d\u00e9faut de liste dans le coll\u00e8ge cadres.<\/p>\n\n\n\n<p style=\"text-align:center\"><strong>La CGT repr\u00e9sente 48,14 % et l\u2019UNSA : 51,86 %.&nbsp;<\/strong><\/p>\n\n\n\n<p><br><\/p>\n\n\n\n<div class=\"wp-block-file\"><a href=\"http:\/\/www.osera.fr\/wp-content\/uploads\/2019\/04\/Bulletin-Mensuel-du-Syndiqu\u00e9-N\u00b04.pdf\">Bulletin Mensuel du Syndiqu\u00e9 N\u00b04<\/a><a href=\"http:\/\/www.osera.fr\/wp-content\/uploads\/2019\/04\/Bulletin-Mensuel-du-Syndiqu\u00e9-N\u00b04.pdf\" class=\"wp-block-file__button\" download>T\u00e9l\u00e9charger<\/a><\/div>\n","protected":false},"excerpt":{"rendered":"<p>Tout d\u2019abord le taux de participation surtout pour le coll\u00e8ge employ\u00e9 est en forte baisse par rapport il y a<\/p>\n","protected":false},"author":1,"featured_media":1017,"comment_status":"open","ping_status":"open","sticky":false,"template":"","format":"standard","meta":{"_EventAllDay":false,"_EventTimezone":"","_EventStartDate":"","_EventEndDate":"","_EventStartDateUTC":"","_EventEndDateUTC":"","_EventShowMap":false,"_EventShowMapLink":false,"_EventURL":"","_EventCost":"","_EventCostDescription":"","_EventCurrencySymbol":"","_EventCurrencyCode":"","_EventCurrencyPosition":"","_EventDateTimeSeparator":"","_EventTimeRangeSeparator":"","_EventOrganizerID":[],"_EventVenueID":0,"_OrganizerEmail":"","_OrganizerPhone":"","_OrganizerWebsite":"","_VenueAddress":"","_VenueCity":"","_VenueCountry":"","_VenueProvince":"","_VenueZip":"","_VenuePhone":"","_VenueURL":"","_VenueStateProvince":"","_VenueLat":"","_VenueLng":"","footnotes":""},"categories":[5],"tags":[],"class_list":["post-1019","post","type-post","status-publish","format-standard","has-post-thumbnail","hentry","category-ca-se-passe-dans-ma-caisse"],"_links":{"self":[{"href":"https:\/\/www.osera.fr\/index.php\/wp-json\/wp\/v2\/posts\/1019","targetHints":{"allow":["GET"]}}],"collection":[{"href":"https:\/\/www.osera.fr\/index.php\/wp-json\/wp\/v2\/posts"}],"about":[{"href":"https:\/\/www.osera.fr\/index.php\/wp-json\/wp\/v2\/types\/post"}],"author":[{"embeddable":true,"href":"https:\/\/www.osera.fr\/index.php\/wp-json\/wp\/v2\/users\/1"}],"replies":[{"embeddable":true,"href":"https:\/\/www.osera.fr\/index.php\/wp-json\/wp\/v2\/comments?post=1019"}],"version-history":[{"count":3,"href":"https:\/\/www.osera.fr\/index.php\/wp-json\/wp\/v2\/posts\/1019\/revisions"}],"predecessor-version":[{"id":1026,"href":"https:\/\/www.osera.fr\/index.php\/wp-json\/wp\/v2\/posts\/1019\/revisions\/1026"}],"wp:featuredmedia":[{"embeddable":true,"href":"https:\/\/www.osera.fr\/index.php\/wp-json\/wp\/v2\/media\/1017"}],"wp:attachment":[{"href":"https:\/\/www.osera.fr\/index.php\/wp-json\/wp\/v2\/media?parent=1019"}],"wp:term":[{"taxonomy":"category","embeddable":true,"href":"https:\/\/www.osera.fr\/index.php\/wp-json\/wp\/v2\/categories?post=1019"},{"taxonomy":"post_tag","embeddable":true,"href":"https:\/\/www.osera.fr\/index.php\/wp-json\/wp\/v2\/tags?post=1019"}],"curies":[{"name":"wp","href":"https:\/\/api.w.org\/{rel}","templated":true}]}}