{"id":978,"date":"2019-03-22T16:35:36","date_gmt":"2019-03-22T15:35:36","guid":{"rendered":"http:\/\/www.osera.fr\/?p=978"},"modified":"2019-03-22T16:35:39","modified_gmt":"2019-03-22T15:35:39","slug":"rassemblement-regional-4-avril-2019-a-11-h-00-devant-lars-241-rue-garibaldi-lyon-3eme","status":"publish","type":"post","link":"http:\/\/www.osera.fr\/index.php\/2019\/03\/22\/rassemblement-regional-4-avril-2019-a-11-h-00-devant-lars-241-rue-garibaldi-lyon-3eme\/","title":{"rendered":"RASSEMBLEMENT REGIONAL 4 AVRIL 2019 A 11 H 00 DEVANT L\u2019ARS  241 Rue Garibaldi &#8211; Lyon 3\u00e8me"},"content":{"rendered":"\n<p>ACTIFS, RETRAITES,CH\u00d4MEURS, TOUTES ET TOUS ENSEMBLE MANIFESTONS POUR LE DROIT A LA SANTE ET UN SYSTEME DE PROTECTION SOCIALE SOLIDAIRE ASSIS SUR LE TRAVAIL<\/p>\n\n\n\n<p><strong>Une nouvelle r\u00e9forme sant\u00e9 nous est impos\u00e9e\n<\/strong><strong>sans aucun d\u00e9bat d\u00e9mocratique<\/strong><strong>, par ordonnances\n et sans aucune prise en compte de l\u2019urgence des besoins en mati\u00e8re de sant\u00e9, d\u2019organisation du syst\u00e8me de sant\u00e9 en territoire.<\/strong><strong><\/strong><\/p>\n\n\n\n<p>\n<strong>Cette r\u00e9forme &#8220;LOI SANTE 2022&#8221; n\u2019est pas une r\u00e9forme comme les autres<\/strong><strong>.<\/strong><strong><\/strong><\/p>\n\n\n\n<p>\n<strong>Il s\u2019agit d\u2019un v\u00e9ritable changement de syst\u00e8me de sant\u00e9, de remise en cause du droit \u00e0 la sant\u00e9, de la S\u00e9curit\u00e9 Sociale, de notre syst\u00e8me de protection sociale\n solidaire, financ\u00e9 par le travail.<\/strong><\/p>\n\n\n\n<p>\n<strong>Pour la premi\u00e8re fois, nous sommes en capacit\u00e9 d\u2019organiser une action en INTERPRO devant l\u2019ARS<\/strong><strong>.<\/strong><\/p>\n\n\n\n<p>\n<strong>Lorsque les professionnel.les de sant\u00e9 manifestent devant l\u2019ARS, c\u2019est souvent pour d\u00e9noncer une fermeture de services ou des manques de moyens.<\/strong><\/p>\n\n\n\n<p>\n<strong>l\u2019engagement et chacune et de chacun est attendu pour r\u00e9ussir<\/strong><strong><\/strong><\/p>\n\n\n\n<p>\n<strong>MANIFESTER<\/strong><strong>\ntous ensemble, actifs, retrait\u00e9s, priv\u00e9s d\u2019emploi, doit nous permettre d\u2019 AFFIRMER notre opposition \u00e0 cette r\u00e9forme funeste &nbsp;et &nbsp;EXIGER le droit \u00e0 la sant\u00e9, avec un syst\u00e8me de protection sociale solidaire,\n financ\u00e9 par le travail qui prennent en compte les besoins de toutes et de tous.<\/strong><\/p>\n\n\n\n<p>\n<strong>Nous<\/strong><strong> devons\n<\/strong><strong>DENONCER<\/strong><strong> la m\u00e9thode des ordonnances alors que le &#8220;grand\n d\u00e9bat&#8221; a confirm\u00e9 largement les enjeux de d\u00e9mocratie, de services publics, d\u2019\u00e9galit\u00e9 et de justice sociale, en territoire et entre les territoires.<\/strong><\/p>\n\n\n\n<p>\n<strong>&nbsp;<\/strong><strong>Devant l\u2019ARS<\/strong><strong>,<\/strong><strong><\/strong><\/p>\n\n\n\n<p>\n<strong>Sera organis\u00e9 un\n<\/strong><strong>d\u00e9bat<\/strong><strong> avec des t\u00e9moignages et \u00e9changes\n des syndicats de notre r\u00e9gion Auvergne Rh\u00f4ne Alpes, puis nous <\/strong><strong>manifesterons jusqu\u2019\u00e0 la Pr\u00e9fecture de r\u00e9gion<\/strong><strong>.<\/strong><\/p>\n\n\n\n<p>\n<strong>Le directeur de l\u2019ARS et la Pr\u00e9fecture ont confirm\u00e9 que nous serons re\u00e7us.\n<\/strong><\/p>\n\n\n\n<p> <strong>Un stand buvette &#8211; restauration est pr\u00e9vu<\/strong><\/p>\n\n\n\n<div class=\"wp-block-file\"><a href=\"http:\/\/www.osera.fr\/wp-content\/uploads\/2019\/03\/medecine-prescriptive.pdf\">medecine prescriptive<\/a><a href=\"http:\/\/www.osera.fr\/wp-content\/uploads\/2019\/03\/medecine-prescriptive.pdf\" class=\"wp-block-file__button\" download>T\u00e9l\u00e9charger<\/a><\/div>\n\n\n\n<div class=\"wp-block-file\"><a href=\"http:\/\/www.osera.fr\/wp-content\/uploads\/2019\/03\/20190211-communiqu\u00e9-presse-sant\u00e9.pdf\">20190211 &#8211; communiqu\u00e9 presse sant\u00e9<\/a><a href=\"http:\/\/www.osera.fr\/wp-content\/uploads\/2019\/03\/20190211-communiqu\u00e9-presse-sant\u00e9.pdf\" class=\"wp-block-file__button\" download>T\u00e9l\u00e9charger<\/a><\/div>\n\n\n\n<div class=\"wp-block-file\"><a href=\"http:\/\/www.osera.fr\/wp-content\/uploads\/2019\/03\/tract-sant\u00e9.pdf\">tract sant\u00e9<\/a><a href=\"http:\/\/www.osera.fr\/wp-content\/uploads\/2019\/03\/tract-sant\u00e9.pdf\" class=\"wp-block-file__button\" download>T\u00e9l\u00e9charger<\/a><\/div>\n","protected":false},"excerpt":{"rendered":"<p>ACTIFS, RETRAITES,CH\u00d4MEURS, TOUTES ET TOUS ENSEMBLE MANIFESTONS POUR LE DROIT A LA SANTE ET UN SYSTEME DE PROTECTION SOCIALE SOLIDAIRE<\/p>\n","protected":false},"author":1,"featured_media":479,"comment_status":"open","ping_status":"open","sticky":false,"template":"","format":"standard","meta":{"_EventAllDay":false,"_EventTimezone":"","_EventStartDate":"","_EventEndDate":"","_EventStartDateUTC":"","_EventEndDateUTC":"","_EventShowMap":false,"_EventShowMapLink":false,"_EventURL":"","_EventCost":"","_EventCostDescription":"","_EventCurrencySymbol":"","_EventCurrencyCode":"","_EventCurrencyPosition":"","_EventDateTimeSeparator":"","_EventTimeRangeSeparator":"","_EventOrganizerID":[],"_EventVenueID":0,"_OrganizerEmail":"","_OrganizerPhone":"","_OrganizerWebsite":"","_VenueAddress":"","_VenueCity":"","_VenueCountry":"","_VenueProvince":"","_VenueZip":"","_VenuePhone":"","_VenueURL":"","_VenueStateProvince":"","_VenueLat":"","_VenueLng":"","footnotes":""},"categories":[3],"tags":[],"class_list":["post-978","post","type-post","status-publish","format-standard","has-post-thumbnail","hentry","category-fregional"],"_links":{"self":[{"href":"http:\/\/www.osera.fr\/index.php\/wp-json\/wp\/v2\/posts\/978","targetHints":{"allow":["GET"]}}],"collection":[{"href":"http:\/\/www.osera.fr\/index.php\/wp-json\/wp\/v2\/posts"}],"about":[{"href":"http:\/\/www.osera.fr\/index.php\/wp-json\/wp\/v2\/types\/post"}],"author":[{"embeddable":true,"href":"http:\/\/www.osera.fr\/index.php\/wp-json\/wp\/v2\/users\/1"}],"replies":[{"embeddable":true,"href":"http:\/\/www.osera.fr\/index.php\/wp-json\/wp\/v2\/comments?post=978"}],"version-history":[{"count":1,"href":"http:\/\/www.osera.fr\/index.php\/wp-json\/wp\/v2\/posts\/978\/revisions"}],"predecessor-version":[{"id":982,"href":"http:\/\/www.osera.fr\/index.php\/wp-json\/wp\/v2\/posts\/978\/revisions\/982"}],"wp:featuredmedia":[{"embeddable":true,"href":"http:\/\/www.osera.fr\/index.php\/wp-json\/wp\/v2\/media\/479"}],"wp:attachment":[{"href":"http:\/\/www.osera.fr\/index.php\/wp-json\/wp\/v2\/media?parent=978"}],"wp:term":[{"taxonomy":"category","embeddable":true,"href":"http:\/\/www.osera.fr\/index.php\/wp-json\/wp\/v2\/categories?post=978"},{"taxonomy":"post_tag","embeddable":true,"href":"http:\/\/www.osera.fr\/index.php\/wp-json\/wp\/v2\/tags?post=978"}],"curies":[{"name":"wp","href":"https:\/\/api.w.org\/{rel}","templated":true}]}}