{"id":640,"date":"2018-10-15T11:27:38","date_gmt":"2018-10-15T09:27:38","guid":{"rendered":"http:\/\/www.osera.fr\/?p=640"},"modified":"2018-10-15T11:27:38","modified_gmt":"2018-10-15T09:27:38","slug":"9-octobre-les-organismes-sociaux-en-greve","status":"publish","type":"post","link":"http:\/\/www.osera.fr\/index.php\/2018\/10\/15\/9-octobre-les-organismes-sociaux-en-greve\/","title":{"rendered":"9 OCTOBRE LES ORGANISMES SOCIAUX EN GREVE"},"content":{"rendered":"<p>L&#8217;ensemble des Organismes Sociaux de Rh\u00f4ne Alpes \u00e9tait en gr\u00e8ve ce 9 octobre pour revendiquer collectivement :<\/p>\n<ul>\n<li><strong>L&#8217;arr\u00eat de la suppression des effectifs dans les organismes<\/strong><\/li>\n<li><strong>Des conditions de travail d\u00e9centes<\/strong><\/li>\n<li><strong>La reconnaissance financi\u00e8re de leur force de travail<\/strong><\/li>\n<\/ul>\n<p style=\"text-align: center;\"><strong>Mais aussi pour <span style=\"color: #ff0000;\">d\u00e9fendre notre Syst\u00e8me de S\u00e9curit\u00e9 Sociale et conqu\u00e9rir une S\u00e9curit\u00e9 Sociale r\u00e9pondant aux besoins du 21 \u00e8me si\u00e8cle.<\/span><\/strong><\/p>\n<p><strong><span style=\"color: #0000ff;\">Les taux de gr\u00e9vistes sont dans l&#8217;ensemble plut\u00f4t \u00e9lev\u00e9 et d\u00e9montre combien les salari\u00e9s sont m\u00e9contents de la fa\u00e7on dont on leur fait faire le travail, mais aussi en tant que citoyens face \u00e0 la d\u00e9gradation de notre syst\u00e8me social (s\u00e9curit\u00e9 sociale, services publics&#8230;)<\/span><\/strong><\/p>\n<p><em><strong>Attention<\/strong> : bien \u00e9videmment les chiffres ci-dessous sont donn\u00e9s par nos directions qui ont, pour certains, la f\u00e2cheuse habitude de calculer les gr\u00e9vistes sur un taux de pr\u00e9sent\u00e9\u00efsme th\u00e9orique et pour d&#8217;autres ne font pas le recensement de tous les gr\u00e9vistes. Sans faire d&#8217;ironie, lorsqu&#8217;il s&#8217;agit de pr\u00e9lever les salari\u00e9s, le recensement est plut\u00f4t exhaustif !!!<\/em><\/p>\n<table width=\"501\">\n<tbody>\n<tr>\n<td style=\"text-align: center;\" width=\"134\"><strong>DEPARTEMENTS<\/strong><\/td>\n<td style=\"text-align: center;\" width=\"299\"><strong>ORGANISMES<\/strong><\/td>\n<td width=\"68\"><strong>TOTAL<\/strong><\/td>\n<\/tr>\n<tr>\n<td>AIN<\/td>\n<td>CPAM<\/td>\n<td>31,20%<\/td>\n<\/tr>\n<tr>\n<td>ARDECHE<\/td>\n<td>CPAM<\/td>\n<td>40,27%<\/td>\n<\/tr>\n<tr>\n<td>DROME<\/td>\n<td>CPAM<\/td>\n<td>16,67%<\/td>\n<\/tr>\n<tr>\n<td rowspan=\"2\">ISERE<\/td>\n<td>CAF<\/td>\n<td>23,03%<\/td>\n<\/tr>\n<tr>\n<td>CPAM<\/td>\n<td>49,75%<\/td>\n<\/tr>\n<tr>\n<td rowspan=\"2\">LOIRE<\/td>\n<td>CAF<\/td>\n<td>33,72%<\/td>\n<\/tr>\n<tr>\n<td>DRSM<\/td>\n<td>21,43%<\/td>\n<\/tr>\n<tr>\n<td rowspan=\"2\">RHONE<\/td>\n<td>CAF<\/td>\n<td>24,28%<\/td>\n<\/tr>\n<tr>\n<td>CPAM<\/td>\n<td>32,79%<\/td>\n<\/tr>\n<tr>\n<td rowspan=\"2\">SAVOIE<\/td>\n<td>CAF<\/td>\n<td>39,38%<\/td>\n<\/tr>\n<tr>\n<td>CPAM<\/td>\n<td>38,50%<\/td>\n<\/tr>\n<tr>\n<td>HAUTE SAVOIE<\/td>\n<td>CPAM<\/td>\n<td>39,63%<\/td>\n<\/tr>\n<tr>\n<td rowspan=\"5\">RHONE ALPES<\/td>\n<td>CARSAT<\/td>\n<td>22,42%<\/td>\n<\/tr>\n<tr>\n<td>POLE EMPLOI<\/td>\n<td>9,00%<\/td>\n<\/tr>\n<tr>\n<td>RSI ALPES<\/td>\n<td>33,54%<\/td>\n<\/tr>\n<tr>\n<td>UGECAM<\/td>\n<td>25,60%<\/td>\n<\/tr>\n<tr>\n<td>URSSAF<\/td>\n<td>24,80%<\/td>\n<\/tr>\n<tr>\n<td colspan=\"2\"><span style=\"color: #ff0000;\"><strong>MOYENNE RHONE ALPES<\/strong><\/span><\/td>\n<td><span style=\"color: #ff0000;\"><strong>29,77%<\/strong><\/span><\/td>\n<\/tr>\n<\/tbody>\n<\/table>\n","protected":false},"excerpt":{"rendered":"<p>L&#8217;ensemble des Organismes Sociaux de Rh\u00f4ne Alpes \u00e9tait en gr\u00e8ve ce 9 octobre pour revendiquer collectivement : L&#8217;arr\u00eat de la<\/p>\n","protected":false},"author":1,"featured_media":193,"comment_status":"open","ping_status":"open","sticky":false,"template":"","format":"standard","meta":{"_EventAllDay":false,"_EventTimezone":"","_EventStartDate":"","_EventEndDate":"","_EventStartDateUTC":"","_EventEndDateUTC":"","_EventShowMap":false,"_EventShowMapLink":false,"_EventURL":"","_EventCost":"","_EventCostDescription":"","_EventCurrencySymbol":"","_EventCurrencyCode":"","_EventCurrencyPosition":"","_EventDateTimeSeparator":"","_EventTimeRangeSeparator":"","_EventOrganizerID":[],"_EventVenueID":0,"_OrganizerEmail":"","_OrganizerPhone":"","_OrganizerWebsite":"","_VenueAddress":"","_VenueCity":"","_VenueCountry":"","_VenueProvince":"","_VenueZip":"","_VenuePhone":"","_VenueURL":"","_VenueStateProvince":"","_VenueLat":"","_VenueLng":"","footnotes":""},"categories":[4],"tags":[],"class_list":["post-640","post","type-post","status-publish","format-standard","has-post-thumbnail","hentry","category-luttes"],"_links":{"self":[{"href":"http:\/\/www.osera.fr\/index.php\/wp-json\/wp\/v2\/posts\/640","targetHints":{"allow":["GET"]}}],"collection":[{"href":"http:\/\/www.osera.fr\/index.php\/wp-json\/wp\/v2\/posts"}],"about":[{"href":"http:\/\/www.osera.fr\/index.php\/wp-json\/wp\/v2\/types\/post"}],"author":[{"embeddable":true,"href":"http:\/\/www.osera.fr\/index.php\/wp-json\/wp\/v2\/users\/1"}],"replies":[{"embeddable":true,"href":"http:\/\/www.osera.fr\/index.php\/wp-json\/wp\/v2\/comments?post=640"}],"version-history":[{"count":2,"href":"http:\/\/www.osera.fr\/index.php\/wp-json\/wp\/v2\/posts\/640\/revisions"}],"predecessor-version":[{"id":642,"href":"http:\/\/www.osera.fr\/index.php\/wp-json\/wp\/v2\/posts\/640\/revisions\/642"}],"wp:featuredmedia":[{"embeddable":true,"href":"http:\/\/www.osera.fr\/index.php\/wp-json\/wp\/v2\/media\/193"}],"wp:attachment":[{"href":"http:\/\/www.osera.fr\/index.php\/wp-json\/wp\/v2\/media?parent=640"}],"wp:term":[{"taxonomy":"category","embeddable":true,"href":"http:\/\/www.osera.fr\/index.php\/wp-json\/wp\/v2\/categories?post=640"},{"taxonomy":"post_tag","embeddable":true,"href":"http:\/\/www.osera.fr\/index.php\/wp-json\/wp\/v2\/tags?post=640"}],"curies":[{"name":"wp","href":"https:\/\/api.w.org\/{rel}","templated":true}]}}