{"id":597,"date":"2018-09-18T14:59:25","date_gmt":"2018-09-18T12:59:25","guid":{"rendered":"http:\/\/www.osera.fr\/?p=597"},"modified":"2018-09-18T14:59:25","modified_gmt":"2018-09-18T12:59:25","slug":"contrat-dobjectif-et-de-gestion-urssaf-ra","status":"publish","type":"post","link":"http:\/\/www.osera.fr\/index.php\/2018\/09\/18\/contrat-dobjectif-et-de-gestion-urssaf-ra\/","title":{"rendered":"Contrat d&#8217;Objectif et de Gestion URSSAF RA"},"content":{"rendered":"<p>D\u00e9claration CGT URSSAF RA d\u00e9non\u00e7ant la poursuite de la d\u00e9gradation de notre syst\u00e8me de S\u00e9curit\u00e9 Sociale par le CPG 2018\/2022 .<\/p>\n<p><a href=\"http:\/\/www.osera.fr\/wp-content\/uploads\/2018\/09\/CPG-2018-2022_V2.pdf\">CPG 2018- 2022_V2<\/a><\/p>\n<p>Tract intersyndicale<\/p>\n<p><a href=\"http:\/\/www.osera.fr\/wp-content\/uploads\/2018\/09\/Intersyndicale-info.pdf\">Intersyndicale info<\/a><\/p>\n","protected":false},"excerpt":{"rendered":"<p>D\u00e9claration CGT URSSAF RA d\u00e9non\u00e7ant la poursuite de la d\u00e9gradation de notre syst\u00e8me de S\u00e9curit\u00e9 Sociale par le CPG 2018\/2022<\/p>\n","protected":false},"author":1,"featured_media":601,"comment_status":"open","ping_status":"open","sticky":false,"template":"","format":"standard","meta":{"_EventAllDay":false,"_EventTimezone":"","_EventStartDate":"","_EventEndDate":"","_EventStartDateUTC":"","_EventEndDateUTC":"","_EventShowMap":false,"_EventShowMapLink":false,"_EventURL":"","_EventCost":"","_EventCostDescription":"","_EventCurrencySymbol":"","_EventCurrencyCode":"","_EventCurrencyPosition":"","_EventDateTimeSeparator":"","_EventTimeRangeSeparator":"","_EventOrganizerID":[],"_EventVenueID":0,"_OrganizerEmail":"","_OrganizerPhone":"","_OrganizerWebsite":"","_VenueAddress":"","_VenueCity":"","_VenueCountry":"","_VenueProvince":"","_VenueZip":"","_VenuePhone":"","_VenueURL":"","_VenueStateProvince":"","_VenueLat":"","_VenueLng":"","footnotes":""},"categories":[5],"tags":[],"class_list":["post-597","post","type-post","status-publish","format-standard","has-post-thumbnail","hentry","category-ca-se-passe-dans-ma-caisse"],"_links":{"self":[{"href":"http:\/\/www.osera.fr\/index.php\/wp-json\/wp\/v2\/posts\/597","targetHints":{"allow":["GET"]}}],"collection":[{"href":"http:\/\/www.osera.fr\/index.php\/wp-json\/wp\/v2\/posts"}],"about":[{"href":"http:\/\/www.osera.fr\/index.php\/wp-json\/wp\/v2\/types\/post"}],"author":[{"embeddable":true,"href":"http:\/\/www.osera.fr\/index.php\/wp-json\/wp\/v2\/users\/1"}],"replies":[{"embeddable":true,"href":"http:\/\/www.osera.fr\/index.php\/wp-json\/wp\/v2\/comments?post=597"}],"version-history":[{"count":1,"href":"http:\/\/www.osera.fr\/index.php\/wp-json\/wp\/v2\/posts\/597\/revisions"}],"predecessor-version":[{"id":602,"href":"http:\/\/www.osera.fr\/index.php\/wp-json\/wp\/v2\/posts\/597\/revisions\/602"}],"wp:featuredmedia":[{"embeddable":true,"href":"http:\/\/www.osera.fr\/index.php\/wp-json\/wp\/v2\/media\/601"}],"wp:attachment":[{"href":"http:\/\/www.osera.fr\/index.php\/wp-json\/wp\/v2\/media?parent=597"}],"wp:term":[{"taxonomy":"category","embeddable":true,"href":"http:\/\/www.osera.fr\/index.php\/wp-json\/wp\/v2\/categories?post=597"},{"taxonomy":"post_tag","embeddable":true,"href":"http:\/\/www.osera.fr\/index.php\/wp-json\/wp\/v2\/tags?post=597"}],"curies":[{"name":"wp","href":"https:\/\/api.w.org\/{rel}","templated":true}]}}