{"id":482,"date":"2018-07-05T10:04:42","date_gmt":"2018-07-05T08:04:42","guid":{"rendered":"http:\/\/www.osera.fr\/?p=482"},"modified":"2018-07-05T10:04:42","modified_gmt":"2018-07-05T08:04:42","slug":"pour-le-droit-a-la-sante-et-la-reconquete-de-la-securite-sociale","status":"publish","type":"post","link":"http:\/\/www.osera.fr\/index.php\/2018\/07\/05\/pour-le-droit-a-la-sante-et-la-reconquete-de-la-securite-sociale\/","title":{"rendered":"POUR LE DROIT A LA SANTE ET LA RECONQUETE DE LA SECURITE SOCIALE"},"content":{"rendered":"<p><strong>&#8220;Suite aux assises de la sant\u00e9 et de la reconqu\u00eate de la s\u00e9curit\u00e9 sociale organis\u00e9es \u00e0 Clermont Ferrand et Lyon en juin 2017, le comit\u00e9 r\u00e9gional CGT Auvergne Rh\u00f4ne Alpes met \u00e0 disposition des organisations une s\u00e9rie de fiches pratiques et revendicatives pour aller au d\u00e9bat avec les syndiqu\u00e9s, les salari\u00e9s et les acteurs de la sant\u00e9 en territoire.<\/strong><\/p>\n<p><span style=\"color: #ff0000;\"><strong>Fiche 0 : La s\u00e9curit\u00e9 sociale, une id\u00e9e neuve ?<\/strong> <\/span><br \/>\nLa s\u00e9cu, c\u2019est plus que l\u2019assurance maladie, c\u2019est la prise en charge globale des besoins humains. Ni assistance, ni assistanat, ni charit\u00e9, mais socialisation d\u2019une part des richesses cr\u00e9\u00e9es par le travail et solidarit\u00e9 fond\u00e9e sur la d\u00e9mocratie<br \/>\n<strong><span style=\"color: #ff0000;\">Fiche 1 : L\u2019organisation du syst\u00e8me de sant\u00e9 pour r\u00e9pondre aux besoins, \u00e9radiquer les d\u00e9serts m\u00e9dicaux.<\/span> <\/strong><br \/>\nNotre syst\u00e8me de sant\u00e9 rencontre aujourd\u2019hui de graves difficult\u00e9s (acc\u00e8s aux soins, privatisation accrue de la m\u00e9decine&#8230;.), source de risques pour la sant\u00e9 de la population. La CGT d\u00e9veloppe des propositions pour r\u00e9soudre ces probl\u00e8mes et permettre une r\u00e9organisation de notre syst\u00e8me de sant\u00e9.<br \/>\nIl s\u2019agit de mettre en place un v\u00e9ritable service public de sant\u00e9 financ\u00e9 et r\u00e9gul\u00e9 par les cotisations sociales, car elles sont assises sur la cr\u00e9ation collective de richesses, et non par l\u2019imp\u00f4t.<br \/>\n<strong><span style=\"color: #ff0000;\">Fiche 2 : les enjeux de la pr\u00e9vention<\/span><\/strong><br \/>\nDans notre syst\u00e8me, le travail est trop souvent une source de souffrance que nous ne pouvons accepter. La d\u00e9marche de pr\u00e9vention est centrale. La Cgt propose de se r\u00e9approprier le travail en donnant la parole aux salari\u00e9s pour trouver des solutions ensemble : la d\u00e9marche travail<br \/>\n<span style=\"color: #ff0000;\"><strong>Fiche 3 : Bien vieillir aujourd\u2019hui et demain : pour une soci\u00e9t\u00e9 de tous les \u00e2ges<\/strong><\/span><br \/>\nun tiers de la population sera retrait\u00e9 d\u2019ci 2035, c\u2019est un choc d\u00e9mographique qu\u2019il faut \u00ab anticiper pour agir \u00bb<br \/>\n<strong><span style=\"color: #ff0000;\">Fiche 4 : Une fili\u00e8re industrielle au service de la sant\u00e9<\/span> <\/strong><br \/>\nLa sant\u00e9 devient un d\u00e9bouch\u00e9 \u00e9conomique, sans tenir compte de la r\u00e9ponse aux besoins et de l\u2019utilit\u00e9 sociale. La question du contr\u00f4le et de la propri\u00e9t\u00e9 de ces industries est pos\u00e9e.<br \/>\n<strong><span style=\"color: #ff0000;\">Fiche 5 : Changer la vie partout et pour tous La d\u00e9marche Cgt<\/span> <\/strong><br \/>\nComment mobiliser les syndicats d\u2019un territoire au sein de l\u2019UL en associant l\u2019UD et les professions pour construire un projet revendicatif en territoire<br \/>\nComment organiser des d\u00e9bats sur les lieux de travail, en territoire, afin de construire des propositions alternatives \u00e0 partir des besoins et des attentes<br \/>\nQuels moyens se donner tous ensemble pour obtenir satisfaction (mobilisation, interventions aupr\u00e8s des pouvoirs publics, interventions des \u00e9lus et mandat\u00e9s &#8230;.) ?<\/p>\n<p><a href=\"http:\/\/www.osera.fr\/wp-content\/uploads\/2018\/07\/fiche_0.pdf\">fiche_0<\/a><\/p>\n<p><a href=\"http:\/\/www.osera.fr\/wp-content\/uploads\/2018\/07\/fiche_0_-_public.pdf\">fiche_0_-_public<\/a><\/p>\n<p><a href=\"http:\/\/www.osera.fr\/wp-content\/uploads\/2018\/07\/fiche_1.pdf\">fiche_1<\/a><\/p>\n<p><a href=\"http:\/\/www.osera.fr\/wp-content\/uploads\/2018\/07\/fiche_1_-_public.pdf\">fiche_1_-_public<\/a><\/p>\n<p><a href=\"http:\/\/www.osera.fr\/wp-content\/uploads\/2018\/07\/fiche_2.pdf\">fiche_2<\/a><\/p>\n<p><a href=\"http:\/\/www.osera.fr\/wp-content\/uploads\/2018\/07\/fiche_2_-_public.pdf\">fiche_2_-_<\/a><a href=\"http:\/\/www.osera.fr\/wp-content\/uploads\/2018\/07\/fiche_2_-_public.pdf\">public<\/a><\/p>\n<p><a href=\"http:\/\/www.osera.fr\/wp-content\/uploads\/2018\/07\/fiche_3.pdf\">fiche_3<\/a><\/p>\n<p><a href=\"http:\/\/www.osera.fr\/wp-content\/uploads\/2018\/07\/fiche_3_-_public.pdf\">fiche_3_-_public<\/a><\/p>\n<p><a href=\"http:\/\/www.osera.fr\/wp-content\/uploads\/2018\/07\/fiche_4.pdf\">fiche_4<\/a><\/p>\n<p><a href=\"http:\/\/www.osera.fr\/wp-content\/uploads\/2018\/07\/fiche_4_-_public.pdf\">fiche_4_-_public<\/a><\/p>\n<p><a href=\"http:\/\/www.osera.fr\/wp-content\/uploads\/2018\/07\/fiche_5.pdf\">fiche_5<\/a><\/p>\n<p>&nbsp;<\/p>\n","protected":false},"excerpt":{"rendered":"<p>&#8220;Suite aux assises de la sant\u00e9 et de la reconqu\u00eate de la s\u00e9curit\u00e9 sociale organis\u00e9es \u00e0 Clermont Ferrand et Lyon<\/p>\n","protected":false},"author":1,"featured_media":483,"comment_status":"open","ping_status":"open","sticky":false,"template":"","format":"standard","meta":{"_EventAllDay":false,"_EventTimezone":"","_EventStartDate":"","_EventEndDate":"","_EventStartDateUTC":"","_EventEndDateUTC":"","_EventShowMap":false,"_EventShowMapLink":false,"_EventURL":"","_EventCost":"","_EventCostDescription":"","_EventCurrencySymbol":"","_EventCurrencyCode":"","_EventCurrencyPosition":"","_EventDateTimeSeparator":"","_EventTimeRangeSeparator":"","_EventOrganizerID":[],"_EventVenueID":0,"_OrganizerEmail":"","_OrganizerPhone":"","_OrganizerWebsite":"","_VenueAddress":"","_VenueCity":"","_VenueCountry":"","_VenueProvince":"","_VenueZip":"","_VenuePhone":"","_VenueURL":"","_VenueStateProvince":"","_VenueLat":"","_VenueLng":"","footnotes":""},"categories":[3],"tags":[],"class_list":["post-482","post","type-post","status-publish","format-standard","has-post-thumbnail","hentry","category-fregional"],"_links":{"self":[{"href":"http:\/\/www.osera.fr\/index.php\/wp-json\/wp\/v2\/posts\/482","targetHints":{"allow":["GET"]}}],"collection":[{"href":"http:\/\/www.osera.fr\/index.php\/wp-json\/wp\/v2\/posts"}],"about":[{"href":"http:\/\/www.osera.fr\/index.php\/wp-json\/wp\/v2\/types\/post"}],"author":[{"embeddable":true,"href":"http:\/\/www.osera.fr\/index.php\/wp-json\/wp\/v2\/users\/1"}],"replies":[{"embeddable":true,"href":"http:\/\/www.osera.fr\/index.php\/wp-json\/wp\/v2\/comments?post=482"}],"version-history":[{"count":1,"href":"http:\/\/www.osera.fr\/index.php\/wp-json\/wp\/v2\/posts\/482\/revisions"}],"predecessor-version":[{"id":495,"href":"http:\/\/www.osera.fr\/index.php\/wp-json\/wp\/v2\/posts\/482\/revisions\/495"}],"wp:featuredmedia":[{"embeddable":true,"href":"http:\/\/www.osera.fr\/index.php\/wp-json\/wp\/v2\/media\/483"}],"wp:attachment":[{"href":"http:\/\/www.osera.fr\/index.php\/wp-json\/wp\/v2\/media?parent=482"}],"wp:term":[{"taxonomy":"category","embeddable":true,"href":"http:\/\/www.osera.fr\/index.php\/wp-json\/wp\/v2\/categories?post=482"},{"taxonomy":"post_tag","embeddable":true,"href":"http:\/\/www.osera.fr\/index.php\/wp-json\/wp\/v2\/tags?post=482"}],"curies":[{"name":"wp","href":"https:\/\/api.w.org\/{rel}","templated":true}]}}