{"id":478,"date":"2018-07-03T16:04:05","date_gmt":"2018-07-03T14:04:05","guid":{"rendered":"http:\/\/www.osera.fr\/?p=478"},"modified":"2018-07-05T10:26:33","modified_gmt":"2018-07-05T08:26:33","slug":"motion-pour-sauvegarder-les-urgences-de-lhopital-de-st-vallier-drome","status":"publish","type":"post","link":"http:\/\/www.osera.fr\/index.php\/2018\/07\/03\/motion-pour-sauvegarder-les-urgences-de-lhopital-de-st-vallier-drome\/","title":{"rendered":"MOTION POUR SAUVEGARDER LES URGENCES DE l&#8217;HOPITAL DE ST VALLIER DROME"},"content":{"rendered":"<p>N&#8217;h\u00e9sitez pas \u00e0 signer et envoyer cette motion<\/p>\n<p><a href=\"http:\/\/www.osera.fr\/wp-content\/uploads\/2018\/07\/motion-30-juin-2018-DER-a-coulier-et-ars-1.docx\">motion 30 juin 2018 DER a coulier et ars<\/a><\/p>\n<p>&nbsp;<\/p>\n<p>MOTION POUR LE MAINTIEN<br \/>\nDES URGENCES<br \/>\nDE L\u2019HOPITAL DE SAINT-VALLIER<\/p>\n<p>La Direction des H\u00f4pitaux Dr\u00f4me Nord a annonc\u00e9 le mercredi 27 juin 2018 que le service des Urgences de Saint-Vallier fermerait :<br \/>\ntoutes les nuits du 2 juillet au 3 septembre,<br \/>\net compl\u00e8tement pour le mois d\u2019ao\u00fbt.<br \/>\nA ce jour, pour ao\u00fbt, l\u2019ouverture en journ\u00e9e est encore en suspens.<\/p>\n<p>A ce stade, nous ignorons encore si la Maison m\u00e9dicale de garde sera \u00e9galement ferm\u00e9e \u00e0 cette p\u00e9riode, alors qu\u2019elle assure pourtant les consultations urgentes en m\u00e9decine g\u00e9n\u00e9rale pendant les horaires de fermeture des cabinets m\u00e9dicaux.<\/p>\n<p>Les habitants du bassin de vie de Saint-Vallier d\u00e9pendent directement de cet h\u00f4pital. Cette fermeture est une r\u00e9elle mise en danger pour la s\u00e9curit\u00e9 sanitaire de la population, de celles et ceux qui y travaillent, des touristes empruntant les infrastructures routi\u00e8res et ou de passage, et pour tout le tissu \u00e9conomique local.<\/p>\n<p>C\u2019est la responsabilit\u00e9 de l\u2019Agence R\u00e9gionale de Sant\u00e9 de garantir un maillage sanitaire conforme aux besoins des populations, d\u00e9j\u00e0 exprim\u00e9s et appuy\u00e9s par les diff\u00e9rentes actions impuls\u00e9es par la CGT, depuis 2015 notamment.<\/p>\n<p>C\u2019est la responsabilit\u00e9 du Directeur des H\u00f4pitaux Dr\u00f4me Nord de garantir la permanence des soins de son \u00e9tablissement et de prendre toutes les dispositions n\u00e9cessaires bien en amont.<\/p>\n<p>Le Syndicat CGT \u2026\u2026\u2026\u2026\u2026\u2026\u2026\u2026\u2026\u2026<br \/>\ncondamne cette d\u00e9cision annonc\u00e9e le 27 juin 2018, il exige :<\/p>\n<p>&#8211; l\u2019ouverture des urgences du site de Saint-Vallier 7 jours sur 7 24h sur 24,<\/p>\n<p>&#8211; la r\u00e9activation du Service Mobile d&#8217;Urgence et de R\u00e9animation (SMUR),<\/p>\n<p>&#8211; l\u2019ouverture des 8 lits de l\u2019Unit\u00e9 d\u2019Hospitalisations de Courte Dur\u00e9e.<\/p>\n<p>La responsabilit\u00e9 de l\u2019Agence R\u00e9gionale de Sant\u00e9 Auvergne Rh\u00f4ne Alpes et celle du Directeur des H\u00f4pitaux Dr\u00f4me Nord :<br \/>\nserait directement engag\u00e9e, si des usagers devaient ne pas \u00eatre pris en charge dans des d\u00e9lais et des conditions optimales faute de services de soins de proximit\u00e9, ce qui serait constitutif de non assistance \u00e0 personne en danger, et engagerait leur responsabilit\u00e9 personnelle.<\/p>\n<p>Saint-Vallier (Ville du syndicat) le \u2026\u2026.2018 (date)<\/p>\n<p>Le secr\u00e9taire du syndicat CGT\u2026\u2026\u2026..<\/p>\n<p>Mail adress\u00e9 \u00e0 :<br \/>\nM COULIER, Directeur des HDN<br \/>\nsecretariat.direction.rms@drome-nord-nord.fr<\/p>\n<p>ARS agence r\u00e9gionale :<br \/>\nars-ara-reclamations@ars.sante.fr<br \/>\nCopie \u00e0 : syndicat.cgt@hopitaux-drome-nord.fr<\/p>\n","protected":false},"excerpt":{"rendered":"<p>N&#8217;h\u00e9sitez pas \u00e0 signer et envoyer cette motion motion 30 juin 2018 DER a coulier et ars &nbsp; MOTION POUR<\/p>\n","protected":false},"author":1,"featured_media":479,"comment_status":"open","ping_status":"open","sticky":false,"template":"","format":"standard","meta":{"_EventAllDay":false,"_EventTimezone":"","_EventStartDate":"","_EventEndDate":"","_EventStartDateUTC":"","_EventEndDateUTC":"","_EventShowMap":false,"_EventShowMapLink":false,"_EventURL":"","_EventCost":"","_EventCostDescription":"","_EventCurrencySymbol":"","_EventCurrencyCode":"","_EventCurrencyPosition":"","_EventDateTimeSeparator":"","_EventTimeRangeSeparator":"","_EventOrganizerID":[],"_EventVenueID":0,"_OrganizerEmail":"","_OrganizerPhone":"","_OrganizerWebsite":"","_VenueAddress":"","_VenueCity":"","_VenueCountry":"","_VenueProvince":"","_VenueZip":"","_VenuePhone":"","_VenueURL":"","_VenueStateProvince":"","_VenueLat":"","_VenueLng":"","footnotes":""},"categories":[5],"tags":[],"class_list":["post-478","post","type-post","status-publish","format-standard","has-post-thumbnail","hentry","category-ca-se-passe-dans-ma-caisse"],"_links":{"self":[{"href":"http:\/\/www.osera.fr\/index.php\/wp-json\/wp\/v2\/posts\/478","targetHints":{"allow":["GET"]}}],"collection":[{"href":"http:\/\/www.osera.fr\/index.php\/wp-json\/wp\/v2\/posts"}],"about":[{"href":"http:\/\/www.osera.fr\/index.php\/wp-json\/wp\/v2\/types\/post"}],"author":[{"embeddable":true,"href":"http:\/\/www.osera.fr\/index.php\/wp-json\/wp\/v2\/users\/1"}],"replies":[{"embeddable":true,"href":"http:\/\/www.osera.fr\/index.php\/wp-json\/wp\/v2\/comments?post=478"}],"version-history":[{"count":3,"href":"http:\/\/www.osera.fr\/index.php\/wp-json\/wp\/v2\/posts\/478\/revisions"}],"predecessor-version":[{"id":504,"href":"http:\/\/www.osera.fr\/index.php\/wp-json\/wp\/v2\/posts\/478\/revisions\/504"}],"wp:featuredmedia":[{"embeddable":true,"href":"http:\/\/www.osera.fr\/index.php\/wp-json\/wp\/v2\/media\/479"}],"wp:attachment":[{"href":"http:\/\/www.osera.fr\/index.php\/wp-json\/wp\/v2\/media?parent=478"}],"wp:term":[{"taxonomy":"category","embeddable":true,"href":"http:\/\/www.osera.fr\/index.php\/wp-json\/wp\/v2\/categories?post=478"},{"taxonomy":"post_tag","embeddable":true,"href":"http:\/\/www.osera.fr\/index.php\/wp-json\/wp\/v2\/tags?post=478"}],"curies":[{"name":"wp","href":"https:\/\/api.w.org\/{rel}","templated":true}]}}