{"id":407,"date":"2018-04-12T08:01:30","date_gmt":"2018-04-12T06:01:30","guid":{"rendered":"http:\/\/www.osera.fr\/?p=407"},"modified":"2018-04-12T08:01:30","modified_gmt":"2018-04-12T06:01:30","slug":"greve-reconductible-des-agents-daccueil-de-la-cpam-de-la-savoie","status":"publish","type":"post","link":"http:\/\/www.osera.fr\/index.php\/2018\/04\/12\/greve-reconductible-des-agents-daccueil-de-la-cpam-de-la-savoie\/","title":{"rendered":"Gr\u00e8ve reconductible des agents d&#8217;accueil de la CPAM de la Savoie"},"content":{"rendered":"<p style=\"font-weight: 400\"><strong>A la CPAM DE SAVOIE<\/strong>, la CGT et FO ont lanc\u00e9 un mot d\u2019ordre de <strong>gr\u00e8ve reconductible 55 minutes tous les mardis \u00e0 compter du 3 avril<\/strong> <strong>pour obtenir des embauches\u00a0 afin d&#8217;accueillir les assur\u00e9s correctement.<\/strong><\/p>\n<p style=\"font-weight: 400\">Sur 19 personnes pr\u00e9vues (avec l\u2019encadrement qui n\u2019a pas fait gr\u00e8ve ce mardi) sur le site de Chamb\u00e9ry, il ne reste que 11 agents d\u2019accueil pour l\u2019instant. Fin mai, un partira \u00e0 la retraite et 2 en cong\u00e9s maternit\u00e9.<\/p>\n<p style=\"font-weight: 400\">En ao\u00fbt, il ne restera que 4 personnes pour assurer l\u2019accueil. La direction pr\u00e9voit l\u2019embauche de 2 agents en service civique (28 heures par semaine) et les remplacements des agents en cong\u00e9 maternit\u00e9 par des CDD qui seront tous \u00e0 former, \u00e9videmment.<\/p>\n<p style=\"font-weight: 400\">Pour Aix les bains, les locaux d\u2019accueil ont \u00e9t\u00e9 refaits (7 boxes mais il ne reste plus que 3 agents d\u2019accueil\u00a0!) Un agent est parti pour 3 mois\u00a0 en cong\u00e9 \u00ab\u00a0aidant\u00a0\u00bb pour la famille,\u00a0 une coll\u00e8gue partira \u00e9galement avant l\u2019\u00e9t\u00e9 pour une retraite bien m\u00e9rit\u00e9e\u00a0: il ne restera donc que 2 agents\u2026<\/p>\n<p style=\"font-weight: 400\">Vous pouvez \u00e9galement visionner en \u00ab\u00a0replay\u00a0\u00bb le journal t\u00e9l\u00e9 de FR3\u00a0 d\u2019hier mardi 10 avril 19h\u00a0 ou l\u2019on voit nos coll\u00e8gues de Chamb\u00e9ry et notre Directeur RH.<\/p>\n<p style=\"font-weight: 400\"><strong>Le 3 avril, il y avait 100 % de gr\u00e9vistes sur tous les sites d\u2019accueil.<\/strong><\/p>\n<p style=\"font-weight: 400\">Quant au p\u00f4le solidarit\u00e9 qui demandait \u00e0 faire gr\u00e8ve, car le service va d\u00e9m\u00e9nager sur Aix les Bains. Mais suite passage convaincant de la Direction, personne n\u2019a boug\u00e9\u00a0!<\/p>\n<p style=\"font-weight: 400\">\n","protected":false},"excerpt":{"rendered":"<p>A la CPAM DE SAVOIE, la CGT et FO ont lanc\u00e9 un mot d\u2019ordre de gr\u00e8ve reconductible 55 minutes tous<\/p>\n","protected":false},"author":1,"featured_media":0,"comment_status":"open","ping_status":"open","sticky":false,"template":"","format":"standard","meta":{"_EventAllDay":false,"_EventTimezone":"","_EventStartDate":"","_EventEndDate":"","_EventStartDateUTC":"","_EventEndDateUTC":"","_EventShowMap":false,"_EventShowMapLink":false,"_EventURL":"","_EventCost":"","_EventCostDescription":"","_EventCurrencySymbol":"","_EventCurrencyCode":"","_EventCurrencyPosition":"","_EventDateTimeSeparator":"","_EventTimeRangeSeparator":"","_EventOrganizerID":[],"_EventVenueID":0,"_OrganizerEmail":"","_OrganizerPhone":"","_OrganizerWebsite":"","_VenueAddress":"","_VenueCity":"","_VenueCountry":"","_VenueProvince":"","_VenueZip":"","_VenuePhone":"","_VenueURL":"","_VenueStateProvince":"","_VenueLat":"","_VenueLng":"","footnotes":""},"categories":[5],"tags":[],"class_list":["post-407","post","type-post","status-publish","format-standard","hentry","category-ca-se-passe-dans-ma-caisse"],"_links":{"self":[{"href":"http:\/\/www.osera.fr\/index.php\/wp-json\/wp\/v2\/posts\/407","targetHints":{"allow":["GET"]}}],"collection":[{"href":"http:\/\/www.osera.fr\/index.php\/wp-json\/wp\/v2\/posts"}],"about":[{"href":"http:\/\/www.osera.fr\/index.php\/wp-json\/wp\/v2\/types\/post"}],"author":[{"embeddable":true,"href":"http:\/\/www.osera.fr\/index.php\/wp-json\/wp\/v2\/users\/1"}],"replies":[{"embeddable":true,"href":"http:\/\/www.osera.fr\/index.php\/wp-json\/wp\/v2\/comments?post=407"}],"version-history":[{"count":1,"href":"http:\/\/www.osera.fr\/index.php\/wp-json\/wp\/v2\/posts\/407\/revisions"}],"predecessor-version":[{"id":408,"href":"http:\/\/www.osera.fr\/index.php\/wp-json\/wp\/v2\/posts\/407\/revisions\/408"}],"wp:attachment":[{"href":"http:\/\/www.osera.fr\/index.php\/wp-json\/wp\/v2\/media?parent=407"}],"wp:term":[{"taxonomy":"category","embeddable":true,"href":"http:\/\/www.osera.fr\/index.php\/wp-json\/wp\/v2\/categories?post=407"},{"taxonomy":"post_tag","embeddable":true,"href":"http:\/\/www.osera.fr\/index.php\/wp-json\/wp\/v2\/tags?post=407"}],"curies":[{"name":"wp","href":"https:\/\/api.w.org\/{rel}","templated":true}]}}