{"id":2369,"date":"2022-10-19T10:10:29","date_gmt":"2022-10-19T08:10:29","guid":{"rendered":"http:\/\/www.osera.fr\/?p=2369"},"modified":"2022-10-19T10:10:30","modified_gmt":"2022-10-19T08:10:30","slug":"action-du-18-10-en-rhone-alpes","status":"publish","type":"post","link":"http:\/\/www.osera.fr\/index.php\/2022\/10\/19\/action-du-18-10-en-rhone-alpes\/","title":{"rendered":"Action du 18\/10 en Rh\u00f4ne-Alpes"},"content":{"rendered":"\n<p>Les organismes sociaux de la r\u00e9gion, malgr\u00e9 un appel \u00e0 la gr\u00e8ve en urgence sont descendus massivement dans la rue ce jour pour exiger des augmentations de salaires, de pensions, de minimas sociaux et affirmer que la gr\u00e8ve est un droit constitutionnel.<\/p>\n\n\n\n<figure class=\"wp-block-image size-large\"><img loading=\"lazy\" decoding=\"async\" width=\"1024\" height=\"768\" src=\"http:\/\/www.osera.fr\/wp-content\/uploads\/2022\/10\/IMG-20221018-WA0046-1024x768.jpg\" alt=\"\" class=\"wp-image-2370\" srcset=\"http:\/\/www.osera.fr\/wp-content\/uploads\/2022\/10\/IMG-20221018-WA0046-1024x768.jpg 1024w, http:\/\/www.osera.fr\/wp-content\/uploads\/2022\/10\/IMG-20221018-WA0046-300x225.jpg 300w, http:\/\/www.osera.fr\/wp-content\/uploads\/2022\/10\/IMG-20221018-WA0046-768x576.jpg 768w, http:\/\/www.osera.fr\/wp-content\/uploads\/2022\/10\/IMG-20221018-WA0046-1536x1152.jpg 1536w, http:\/\/www.osera.fr\/wp-content\/uploads\/2022\/10\/IMG-20221018-WA0046.jpg 2016w\" sizes=\"auto, (max-width: 1024px) 100vw, 1024px\" \/><figcaption>VALENCE<\/figcaption><\/figure>\n\n\n\n<figure class=\"wp-block-image size-large\"><img loading=\"lazy\" decoding=\"async\" width=\"1024\" height=\"768\" src=\"http:\/\/www.osera.fr\/wp-content\/uploads\/2022\/10\/IMG-20221018-WA0047-1024x768.jpg\" alt=\"\" class=\"wp-image-2371\" srcset=\"http:\/\/www.osera.fr\/wp-content\/uploads\/2022\/10\/IMG-20221018-WA0047-1024x768.jpg 1024w, http:\/\/www.osera.fr\/wp-content\/uploads\/2022\/10\/IMG-20221018-WA0047-300x225.jpg 300w, http:\/\/www.osera.fr\/wp-content\/uploads\/2022\/10\/IMG-20221018-WA0047-768x576.jpg 768w, http:\/\/www.osera.fr\/wp-content\/uploads\/2022\/10\/IMG-20221018-WA0047-1536x1152.jpg 1536w, http:\/\/www.osera.fr\/wp-content\/uploads\/2022\/10\/IMG-20221018-WA0047.jpg 2016w\" sizes=\"auto, (max-width: 1024px) 100vw, 1024px\" \/><figcaption>VALENCE<\/figcaption><\/figure>\n\n\n\n<figure class=\"wp-block-image size-large\"><img loading=\"lazy\" decoding=\"async\" width=\"768\" height=\"1024\" src=\"http:\/\/www.osera.fr\/wp-content\/uploads\/2022\/10\/lyon-768x1024.jpg\" alt=\"\" class=\"wp-image-2372\" srcset=\"http:\/\/www.osera.fr\/wp-content\/uploads\/2022\/10\/lyon-768x1024.jpg 768w, http:\/\/www.osera.fr\/wp-content\/uploads\/2022\/10\/lyon-225x300.jpg 225w, http:\/\/www.osera.fr\/wp-content\/uploads\/2022\/10\/lyon-1152x1536.jpg 1152w, http:\/\/www.osera.fr\/wp-content\/uploads\/2022\/10\/lyon.jpg 1200w\" sizes=\"auto, (max-width: 768px) 100vw, 768px\" \/><figcaption>Lyon<\/figcaption><\/figure>\n\n\n\n<figure class=\"wp-block-image size-large\"><img loading=\"lazy\" decoding=\"async\" width=\"1024\" height=\"497\" src=\"http:\/\/www.osera.fr\/wp-content\/uploads\/2022\/10\/lyon2-1024x497.jpg\" alt=\"\" class=\"wp-image-2373\" srcset=\"http:\/\/www.osera.fr\/wp-content\/uploads\/2022\/10\/lyon2-1024x497.jpg 1024w, http:\/\/www.osera.fr\/wp-content\/uploads\/2022\/10\/lyon2-300x146.jpg 300w, http:\/\/www.osera.fr\/wp-content\/uploads\/2022\/10\/lyon2-768x373.jpg 768w, http:\/\/www.osera.fr\/wp-content\/uploads\/2022\/10\/lyon2-1536x746.jpg 1536w, http:\/\/www.osera.fr\/wp-content\/uploads\/2022\/10\/lyon2.jpg 1600w\" sizes=\"auto, (max-width: 1024px) 100vw, 1024px\" \/><figcaption>Lyon<\/figcaption><\/figure>\n\n\n\n<figure class=\"wp-block-image size-large\"><img loading=\"lazy\" decoding=\"async\" width=\"1024\" height=\"498\" src=\"http:\/\/www.osera.fr\/wp-content\/uploads\/2022\/10\/lyon3-1024x498.jpg\" alt=\"\" class=\"wp-image-2374\" srcset=\"http:\/\/www.osera.fr\/wp-content\/uploads\/2022\/10\/lyon3-1024x498.jpg 1024w, http:\/\/www.osera.fr\/wp-content\/uploads\/2022\/10\/lyon3-300x146.jpg 300w, http:\/\/www.osera.fr\/wp-content\/uploads\/2022\/10\/lyon3-768x373.jpg 768w, http:\/\/www.osera.fr\/wp-content\/uploads\/2022\/10\/lyon3-1536x746.jpg 1536w, http:\/\/www.osera.fr\/wp-content\/uploads\/2022\/10\/lyon3.jpg 2048w\" sizes=\"auto, (max-width: 1024px) 100vw, 1024px\" \/><figcaption>Lyon<\/figcaption><\/figure>\n\n\n\n<figure class=\"wp-block-image size-large\"><img loading=\"lazy\" decoding=\"async\" width=\"771\" height=\"1024\" src=\"http:\/\/www.osera.fr\/wp-content\/uploads\/2022\/10\/42-771x1024.jpg\" alt=\"\" class=\"wp-image-2375\" srcset=\"http:\/\/www.osera.fr\/wp-content\/uploads\/2022\/10\/42-771x1024.jpg 771w, http:\/\/www.osera.fr\/wp-content\/uploads\/2022\/10\/42-226x300.jpg 226w, http:\/\/www.osera.fr\/wp-content\/uploads\/2022\/10\/42-768x1019.jpg 768w, http:\/\/www.osera.fr\/wp-content\/uploads\/2022\/10\/42-1157x1536.jpg 1157w, http:\/\/www.osera.fr\/wp-content\/uploads\/2022\/10\/42.jpg 1194w\" sizes=\"auto, (max-width: 771px) 100vw, 771px\" \/><figcaption>Saint-Etienne<\/figcaption><\/figure>\n\n\n\n<figure class=\"wp-block-image size-large\"><img loading=\"lazy\" decoding=\"async\" width=\"769\" height=\"1024\" src=\"http:\/\/www.osera.fr\/wp-content\/uploads\/2022\/10\/42-1-769x1024.jpg\" alt=\"\" class=\"wp-image-2376\" srcset=\"http:\/\/www.osera.fr\/wp-content\/uploads\/2022\/10\/42-1-769x1024.jpg 769w, http:\/\/www.osera.fr\/wp-content\/uploads\/2022\/10\/42-1-225x300.jpg 225w, http:\/\/www.osera.fr\/wp-content\/uploads\/2022\/10\/42-1-768x1023.jpg 768w, http:\/\/www.osera.fr\/wp-content\/uploads\/2022\/10\/42-1-1153x1536.jpg 1153w, http:\/\/www.osera.fr\/wp-content\/uploads\/2022\/10\/42-1.jpg 1537w\" sizes=\"auto, (max-width: 769px) 100vw, 769px\" \/><figcaption>Saint-Etienne<\/figcaption><\/figure>\n","protected":false},"excerpt":{"rendered":"<p>Les organismes sociaux de la r\u00e9gion, malgr\u00e9 un appel \u00e0 la gr\u00e8ve en urgence sont descendus massivement dans la rue<\/p>\n","protected":false},"author":4,"featured_media":2160,"comment_status":"open","ping_status":"open","sticky":false,"template":"","format":"standard","meta":{"_EventAllDay":false,"_EventTimezone":"","_EventStartDate":"","_EventEndDate":"","_EventStartDateUTC":"","_EventEndDateUTC":"","_EventShowMap":false,"_EventShowMapLink":false,"_EventURL":"","_EventCost":"","_EventCostDescription":"","_EventCurrencySymbol":"","_EventCurrencyCode":"","_EventCurrencyPosition":"","_EventDateTimeSeparator":"","_EventTimeRangeSeparator":"","_EventOrganizerID":[],"_EventVenueID":0,"_OrganizerEmail":"","_OrganizerPhone":"","_OrganizerWebsite":"","_VenueAddress":"","_VenueCity":"","_VenueCountry":"","_VenueProvince":"","_VenueZip":"","_VenuePhone":"","_VenueURL":"","_VenueStateProvince":"","_VenueLat":"","_VenueLng":"","footnotes":""},"categories":[3],"tags":[],"class_list":["post-2369","post","type-post","status-publish","format-standard","has-post-thumbnail","hentry","category-fregional"],"_links":{"self":[{"href":"http:\/\/www.osera.fr\/index.php\/wp-json\/wp\/v2\/posts\/2369","targetHints":{"allow":["GET"]}}],"collection":[{"href":"http:\/\/www.osera.fr\/index.php\/wp-json\/wp\/v2\/posts"}],"about":[{"href":"http:\/\/www.osera.fr\/index.php\/wp-json\/wp\/v2\/types\/post"}],"author":[{"embeddable":true,"href":"http:\/\/www.osera.fr\/index.php\/wp-json\/wp\/v2\/users\/4"}],"replies":[{"embeddable":true,"href":"http:\/\/www.osera.fr\/index.php\/wp-json\/wp\/v2\/comments?post=2369"}],"version-history":[{"count":1,"href":"http:\/\/www.osera.fr\/index.php\/wp-json\/wp\/v2\/posts\/2369\/revisions"}],"predecessor-version":[{"id":2377,"href":"http:\/\/www.osera.fr\/index.php\/wp-json\/wp\/v2\/posts\/2369\/revisions\/2377"}],"wp:featuredmedia":[{"embeddable":true,"href":"http:\/\/www.osera.fr\/index.php\/wp-json\/wp\/v2\/media\/2160"}],"wp:attachment":[{"href":"http:\/\/www.osera.fr\/index.php\/wp-json\/wp\/v2\/media?parent=2369"}],"wp:term":[{"taxonomy":"category","embeddable":true,"href":"http:\/\/www.osera.fr\/index.php\/wp-json\/wp\/v2\/categories?post=2369"},{"taxonomy":"post_tag","embeddable":true,"href":"http:\/\/www.osera.fr\/index.php\/wp-json\/wp\/v2\/tags?post=2369"}],"curies":[{"name":"wp","href":"https:\/\/api.w.org\/{rel}","templated":true}]}}