{"id":225,"date":"2017-12-07T13:16:06","date_gmt":"2017-12-07T12:16:06","guid":{"rendered":"http:\/\/www.osera.fr\/?p=225"},"modified":"2017-12-07T13:16:06","modified_gmt":"2017-12-07T12:16:06","slug":"elections-des-representants-du-personnel-au-conseil-dadministration-caf-73","status":"publish","type":"post","link":"http:\/\/www.osera.fr\/index.php\/2017\/12\/07\/elections-des-representants-du-personnel-au-conseil-dadministration-caf-73\/","title":{"rendered":"Elections des repr\u00e9sentants du personnel au Conseil d&#8217;Administration CAF 73"},"content":{"rendered":"<p>Les salari\u00e9s de la CAF de la Savoie voteront du 11 au 18 janvier 2018 pour \u00e9lire leurs repr\u00e9sentants au Conseil d&#8217;Administration.<\/p>\n<p>Nous avons n\u00e9goci\u00e9 le protocole pr\u00e9-\u00e9lectoral le 15 novembre.<\/p>\n<p>Quelques nouveaut\u00e9s :<\/p>\n<ul>\n<li>Le d\u00e9cret paru le 3 novembre pr\u00e9cise que l&#8217;organisation de ces \u00e9lections est laiss\u00e9e \u00e0 l&#8217;initiative des directions.<\/li>\n<li>Nous pouvons pr\u00e9senter jusqu&#8217;\u00e0 trois candidats par poste \u00e0 pourvoir.<\/li>\n<\/ul>\n<p>&nbsp;<\/p>\n","protected":false},"excerpt":{"rendered":"<p>Les salari\u00e9s de la CAF de la Savoie voteront du 11 au 18 janvier 2018 pour \u00e9lire leurs repr\u00e9sentants au<\/p>\n","protected":false},"author":1,"featured_media":0,"comment_status":"open","ping_status":"open","sticky":false,"template":"","format":"standard","meta":{"_EventAllDay":false,"_EventTimezone":"","_EventStartDate":"","_EventEndDate":"","_EventStartDateUTC":"","_EventEndDateUTC":"","_EventShowMap":false,"_EventShowMapLink":false,"_EventURL":"","_EventCost":"","_EventCostDescription":"","_EventCurrencySymbol":"","_EventCurrencyCode":"","_EventCurrencyPosition":"","_EventDateTimeSeparator":"","_EventTimeRangeSeparator":"","_EventOrganizerID":[],"_EventVenueID":0,"_OrganizerEmail":"","_OrganizerPhone":"","_OrganizerWebsite":"","_VenueAddress":"","_VenueCity":"","_VenueCountry":"","_VenueProvince":"","_VenueZip":"","_VenuePhone":"","_VenueURL":"","_VenueStateProvince":"","_VenueLat":"","_VenueLng":"","footnotes":""},"categories":[5],"tags":[],"class_list":["post-225","post","type-post","status-publish","format-standard","hentry","category-ca-se-passe-dans-ma-caisse"],"_links":{"self":[{"href":"http:\/\/www.osera.fr\/index.php\/wp-json\/wp\/v2\/posts\/225","targetHints":{"allow":["GET"]}}],"collection":[{"href":"http:\/\/www.osera.fr\/index.php\/wp-json\/wp\/v2\/posts"}],"about":[{"href":"http:\/\/www.osera.fr\/index.php\/wp-json\/wp\/v2\/types\/post"}],"author":[{"embeddable":true,"href":"http:\/\/www.osera.fr\/index.php\/wp-json\/wp\/v2\/users\/1"}],"replies":[{"embeddable":true,"href":"http:\/\/www.osera.fr\/index.php\/wp-json\/wp\/v2\/comments?post=225"}],"version-history":[{"count":1,"href":"http:\/\/www.osera.fr\/index.php\/wp-json\/wp\/v2\/posts\/225\/revisions"}],"predecessor-version":[{"id":226,"href":"http:\/\/www.osera.fr\/index.php\/wp-json\/wp\/v2\/posts\/225\/revisions\/226"}],"wp:attachment":[{"href":"http:\/\/www.osera.fr\/index.php\/wp-json\/wp\/v2\/media?parent=225"}],"wp:term":[{"taxonomy":"category","embeddable":true,"href":"http:\/\/www.osera.fr\/index.php\/wp-json\/wp\/v2\/categories?post=225"},{"taxonomy":"post_tag","embeddable":true,"href":"http:\/\/www.osera.fr\/index.php\/wp-json\/wp\/v2\/tags?post=225"}],"curies":[{"name":"wp","href":"https:\/\/api.w.org\/{rel}","templated":true}]}}