{"id":1910,"date":"2021-07-01T15:18:38","date_gmt":"2021-07-01T13:18:38","guid":{"rendered":"http:\/\/www.osera.fr\/?p=1910"},"modified":"2021-07-13T16:48:55","modified_gmt":"2021-07-13T14:48:55","slug":"greve-du-29-juin-dans-les-caf-de-la-region","status":"publish","type":"post","link":"http:\/\/www.osera.fr\/index.php\/2021\/07\/01\/greve-du-29-juin-dans-les-caf-de-la-region\/","title":{"rendered":"GREVE DU 29 JUIN DANS LES CAF DE LA REGION"},"content":{"rendered":"\n<p>Comme rappel\u00e9 dans le pr\u00e9c\u00e9dent article les CAFs se sont mises massivement en gr\u00e8ve tous le mois de Juin avec comme point d&#8217;orgue le 29. Les revendications \u00e9taient sur les conditions de travail, l&#8217;arr\u00eat de l&#8217;in\u00e9quitable r\u00e9forme des aides au logement et obtenir une vrai s\u00e9curit\u00e9 sociale du 21 \u00e8me si\u00e8cle, \u00e0 l&#8217;image de notre campagne conf\u00e9d\u00e9rale.<\/p>\n\n\n\n<p>La CAF 26 a enregistr\u00e9 un taux de gr\u00e9viste \u00e0 22.96 %, CAF 73 44.37%, CAF 42 29.58%, CAF 69 21.23%, CAF 38 16.70%, CAF 01 35.8%.<\/p>\n\n\n\n<p>A cela se rajoute les organismes qui ont appel\u00e9s \u00e0 la gr\u00e8ve par solidarit\u00e9 : CPAM 74, CPAM 01, CPAM 42&#8230;<\/p>\n\n\n\n<p>L&#8217;Union r\u00e9gionale CGT des organismes sociaux est fi\u00e8re du travail accomplie par nos camarades. Malgr\u00e9 la g\u00e9n\u00e9ralisation du t\u00e9l\u00e9travail et les conditions sanitaires, nous avons su impulser un mouvement qui n&#8217;est que les pr\u00e9mices d&#8217;une rentr\u00e9e  chaude dans toute la s\u00e9cu. Bravo \u00e0 toutes et tous.<\/p>\n\n\n\n<figure class=\"wp-block-image size-large\"><img loading=\"lazy\" decoding=\"async\" width=\"1024\" height=\"768\" src=\"http:\/\/www.osera.fr\/wp-content\/uploads\/2021\/07\/IMG-20210629-WA0011-1024x768.jpg\" alt=\"\" class=\"wp-image-1916\" srcset=\"http:\/\/www.osera.fr\/wp-content\/uploads\/2021\/07\/IMG-20210629-WA0011-1024x768.jpg 1024w, http:\/\/www.osera.fr\/wp-content\/uploads\/2021\/07\/IMG-20210629-WA0011-300x225.jpg 300w, http:\/\/www.osera.fr\/wp-content\/uploads\/2021\/07\/IMG-20210629-WA0011-768x576.jpg 768w, http:\/\/www.osera.fr\/wp-content\/uploads\/2021\/07\/IMG-20210629-WA0011-1536x1152.jpg 1536w, http:\/\/www.osera.fr\/wp-content\/uploads\/2021\/07\/IMG-20210629-WA0011.jpg 1600w\" sizes=\"auto, (max-width: 1024px) 100vw, 1024px\" \/><\/figure>\n\n\n\n<figure class=\"wp-block-image size-large\"><img loading=\"lazy\" decoding=\"async\" width=\"1024\" height=\"768\" src=\"http:\/\/www.osera.fr\/wp-content\/uploads\/2021\/07\/IMG-20210629-WA0026-1024x768.jpg\" alt=\"\" class=\"wp-image-1917\" srcset=\"http:\/\/www.osera.fr\/wp-content\/uploads\/2021\/07\/IMG-20210629-WA0026-1024x768.jpg 1024w, http:\/\/www.osera.fr\/wp-content\/uploads\/2021\/07\/IMG-20210629-WA0026-300x225.jpg 300w, http:\/\/www.osera.fr\/wp-content\/uploads\/2021\/07\/IMG-20210629-WA0026-768x576.jpg 768w, http:\/\/www.osera.fr\/wp-content\/uploads\/2021\/07\/IMG-20210629-WA0026-1536x1152.jpg 1536w, http:\/\/www.osera.fr\/wp-content\/uploads\/2021\/07\/IMG-20210629-WA0026.jpg 1600w\" sizes=\"auto, (max-width: 1024px) 100vw, 1024px\" \/><\/figure>\n\n\n\n<figure class=\"wp-block-image size-large\"><img loading=\"lazy\" decoding=\"async\" width=\"768\" height=\"1024\" src=\"http:\/\/www.osera.fr\/wp-content\/uploads\/2021\/07\/IMG-20210629-WA0028.jpg\" alt=\"\" class=\"wp-image-1918\" srcset=\"http:\/\/www.osera.fr\/wp-content\/uploads\/2021\/07\/IMG-20210629-WA0028.jpg 768w, http:\/\/www.osera.fr\/wp-content\/uploads\/2021\/07\/IMG-20210629-WA0028-225x300.jpg 225w\" sizes=\"auto, (max-width: 768px) 100vw, 768px\" \/><\/figure>\n\n\n\n<figure class=\"wp-block-image size-large\"><img loading=\"lazy\" decoding=\"async\" width=\"1024\" height=\"768\" src=\"http:\/\/www.osera.fr\/wp-content\/uploads\/2021\/07\/IMG-20210629-WA0042.jpg\" alt=\"\" class=\"wp-image-1919\" srcset=\"http:\/\/www.osera.fr\/wp-content\/uploads\/2021\/07\/IMG-20210629-WA0042.jpg 1024w, http:\/\/www.osera.fr\/wp-content\/uploads\/2021\/07\/IMG-20210629-WA0042-300x225.jpg 300w, http:\/\/www.osera.fr\/wp-content\/uploads\/2021\/07\/IMG-20210629-WA0042-768x576.jpg 768w\" sizes=\"auto, (max-width: 1024px) 100vw, 1024px\" \/><\/figure>\n","protected":false},"excerpt":{"rendered":"<p>Comme rappel\u00e9 dans le pr\u00e9c\u00e9dent article les CAFs se sont mises massivement en gr\u00e8ve tous le mois de Juin avec<\/p>\n","protected":false},"author":4,"featured_media":1893,"comment_status":"open","ping_status":"open","sticky":false,"template":"","format":"standard","meta":{"_EventAllDay":false,"_EventTimezone":"","_EventStartDate":"","_EventEndDate":"","_EventStartDateUTC":"","_EventEndDateUTC":"","_EventShowMap":false,"_EventShowMapLink":false,"_EventURL":"","_EventCost":"","_EventCostDescription":"","_EventCurrencySymbol":"","_EventCurrencyCode":"","_EventCurrencyPosition":"","_EventDateTimeSeparator":"","_EventTimeRangeSeparator":"","_EventOrganizerID":[],"_EventVenueID":0,"_OrganizerEmail":"","_OrganizerPhone":"","_OrganizerWebsite":"","_VenueAddress":"","_VenueCity":"","_VenueCountry":"","_VenueProvince":"","_VenueZip":"","_VenuePhone":"","_VenueURL":"","_VenueStateProvince":"","_VenueLat":"","_VenueLng":"","footnotes":""},"categories":[3],"tags":[],"class_list":["post-1910","post","type-post","status-publish","format-standard","has-post-thumbnail","hentry","category-fregional"],"_links":{"self":[{"href":"http:\/\/www.osera.fr\/index.php\/wp-json\/wp\/v2\/posts\/1910","targetHints":{"allow":["GET"]}}],"collection":[{"href":"http:\/\/www.osera.fr\/index.php\/wp-json\/wp\/v2\/posts"}],"about":[{"href":"http:\/\/www.osera.fr\/index.php\/wp-json\/wp\/v2\/types\/post"}],"author":[{"embeddable":true,"href":"http:\/\/www.osera.fr\/index.php\/wp-json\/wp\/v2\/users\/4"}],"replies":[{"embeddable":true,"href":"http:\/\/www.osera.fr\/index.php\/wp-json\/wp\/v2\/comments?post=1910"}],"version-history":[{"count":2,"href":"http:\/\/www.osera.fr\/index.php\/wp-json\/wp\/v2\/posts\/1910\/revisions"}],"predecessor-version":[{"id":1921,"href":"http:\/\/www.osera.fr\/index.php\/wp-json\/wp\/v2\/posts\/1910\/revisions\/1921"}],"wp:featuredmedia":[{"embeddable":true,"href":"http:\/\/www.osera.fr\/index.php\/wp-json\/wp\/v2\/media\/1893"}],"wp:attachment":[{"href":"http:\/\/www.osera.fr\/index.php\/wp-json\/wp\/v2\/media?parent=1910"}],"wp:term":[{"taxonomy":"category","embeddable":true,"href":"http:\/\/www.osera.fr\/index.php\/wp-json\/wp\/v2\/categories?post=1910"},{"taxonomy":"post_tag","embeddable":true,"href":"http:\/\/www.osera.fr\/index.php\/wp-json\/wp\/v2\/tags?post=1910"}],"curies":[{"name":"wp","href":"https:\/\/api.w.org\/{rel}","templated":true}]}}