{"id":1466,"date":"2020-05-26T13:12:08","date_gmt":"2020-05-26T11:12:08","guid":{"rendered":"http:\/\/www.osera.fr\/?p=1466"},"modified":"2020-05-26T14:28:04","modified_gmt":"2020-05-26T12:28:04","slug":"brigades-sanitaire-dans-les-cpam","status":"publish","type":"post","link":"http:\/\/www.osera.fr\/index.php\/2020\/05\/26\/brigades-sanitaire-dans-les-cpam\/","title":{"rendered":"BRIGADES SANITAIRE DANS LES CPAM"},"content":{"rendered":"\n<p>ARTICLE PARU SUR MEDIACITES (MEDIAPART LOCAL) D&#8217;APRES LES PROPOS ET TEMOIGNAGES D&#8217;UN SALARIE DE LA CPAM 69  et DU RESP. FEDERAL REGIONAL DES OS RA<\/p>\n\n\n\n<div class=\"wp-block-file\"><a href=\"http:\/\/www.osera.fr\/wp-content\/uploads\/2020\/05\/\u00c0-la-brigade-de-tra\u00e7age-Covid-du-Rh\u00f4ne-\u00ab-on-tourne-en-rond-\u00bb-_-Mediacit\u00e9s.pdf\">\u00c0-la-brigade-de-tra\u00e7age-Covid-du-Rh\u00f4ne-\u00ab-on-tourne-en-rond-\u00bb-_-Mediacit\u00e9s<\/a><a href=\"http:\/\/www.osera.fr\/wp-content\/uploads\/2020\/05\/\u00c0-la-brigade-de-tra\u00e7age-Covid-du-Rh\u00f4ne-\u00ab-on-tourne-en-rond-\u00bb-_-Mediacit\u00e9s.pdf\" class=\"wp-block-file__button\" download>T\u00e9l\u00e9charger<\/a><\/div>\n\n\n\n<figure class=\"wp-block-embed-wordpress wp-block-embed is-type-wp-embed is-provider-mediacites\"><div class=\"wp-block-embed__wrapper\">\n<blockquote class=\"wp-embedded-content\" data-secret=\"jiHMznMcZh\"><a href=\"https:\/\/www.mediacites.fr\/breve\/lyon\/2020\/05\/20\/a-la-brigade-de-tracage-covid-du-rhone-on-tourne-en-rond\/\">\u00c0 la brigade de tra\u00e7age Covid du Rh\u00f4ne, \u00ab&nbsp;on tourne en rond&nbsp;\u00bb<\/a><\/blockquote><iframe loading=\"lazy\" title=\"\u00ab\u00a0\u00c0 la brigade de tra\u00e7age Covid du Rh\u00f4ne, \u00ab&nbsp;on tourne en rond&nbsp;\u00bb\u00a0\u00bb &#8212; Mediacit\u00e9s\" class=\"wp-embedded-content\" sandbox=\"allow-scripts\" security=\"restricted\" style=\"position: absolute; clip: rect(1px, 1px, 1px, 1px);\" src=\"https:\/\/www.mediacites.fr\/breve\/lyon\/2020\/05\/20\/a-la-brigade-de-tracage-covid-du-rhone-on-tourne-en-rond\/embed\/#?secret=jiHMznMcZh\" data-secret=\"jiHMznMcZh\" width=\"600\" height=\"338\" frameborder=\"0\" marginwidth=\"0\" marginheight=\"0\" scrolling=\"no\"><\/iframe>\n<\/div><\/figure>\n","protected":false},"excerpt":{"rendered":"<p>ARTICLE PARU SUR MEDIACITES (MEDIAPART LOCAL) D&#8217;APRES LES PROPOS ET TEMOIGNAGES D&#8217;UN SALARIE DE LA CPAM 69 et DU RESP.<\/p>\n","protected":false},"author":1,"featured_media":483,"comment_status":"open","ping_status":"open","sticky":false,"template":"","format":"standard","meta":{"_EventAllDay":false,"_EventTimezone":"","_EventStartDate":"","_EventEndDate":"","_EventStartDateUTC":"","_EventEndDateUTC":"","_EventShowMap":false,"_EventShowMapLink":false,"_EventURL":"","_EventCost":"","_EventCostDescription":"","_EventCurrencySymbol":"","_EventCurrencyCode":"","_EventCurrencyPosition":"","_EventDateTimeSeparator":"","_EventTimeRangeSeparator":"","_EventOrganizerID":[],"_EventVenueID":0,"_OrganizerEmail":"","_OrganizerPhone":"","_OrganizerWebsite":"","_VenueAddress":"","_VenueCity":"","_VenueCountry":"","_VenueProvince":"","_VenueZip":"","_VenuePhone":"","_VenueURL":"","_VenueStateProvince":"","_VenueLat":"","_VenueLng":"","footnotes":""},"categories":[3],"tags":[],"class_list":["post-1466","post","type-post","status-publish","format-standard","has-post-thumbnail","hentry","category-fregional"],"_links":{"self":[{"href":"http:\/\/www.osera.fr\/index.php\/wp-json\/wp\/v2\/posts\/1466","targetHints":{"allow":["GET"]}}],"collection":[{"href":"http:\/\/www.osera.fr\/index.php\/wp-json\/wp\/v2\/posts"}],"about":[{"href":"http:\/\/www.osera.fr\/index.php\/wp-json\/wp\/v2\/types\/post"}],"author":[{"embeddable":true,"href":"http:\/\/www.osera.fr\/index.php\/wp-json\/wp\/v2\/users\/1"}],"replies":[{"embeddable":true,"href":"http:\/\/www.osera.fr\/index.php\/wp-json\/wp\/v2\/comments?post=1466"}],"version-history":[{"count":2,"href":"http:\/\/www.osera.fr\/index.php\/wp-json\/wp\/v2\/posts\/1466\/revisions"}],"predecessor-version":[{"id":1470,"href":"http:\/\/www.osera.fr\/index.php\/wp-json\/wp\/v2\/posts\/1466\/revisions\/1470"}],"wp:featuredmedia":[{"embeddable":true,"href":"http:\/\/www.osera.fr\/index.php\/wp-json\/wp\/v2\/media\/483"}],"wp:attachment":[{"href":"http:\/\/www.osera.fr\/index.php\/wp-json\/wp\/v2\/media?parent=1466"}],"wp:term":[{"taxonomy":"category","embeddable":true,"href":"http:\/\/www.osera.fr\/index.php\/wp-json\/wp\/v2\/categories?post=1466"},{"taxonomy":"post_tag","embeddable":true,"href":"http:\/\/www.osera.fr\/index.php\/wp-json\/wp\/v2\/tags?post=1466"}],"curies":[{"name":"wp","href":"https:\/\/api.w.org\/{rel}","templated":true}]}}