{"id":1321,"date":"2020-03-19T14:49:18","date_gmt":"2020-03-19T13:49:18","guid":{"rendered":"http:\/\/www.osera.fr\/?p=1321"},"modified":"2020-03-20T12:40:27","modified_gmt":"2020-03-20T11:40:27","slug":"covid-19-mesures-salariales-cpam-26","status":"publish","type":"post","link":"http:\/\/www.osera.fr\/index.php\/2020\/03\/19\/covid-19-mesures-salariales-cpam-26\/","title":{"rendered":"COVID 19 &#8211; MESURES SALARIALES CPAM 26"},"content":{"rendered":"\n<p>JEUDI 19 MARS : Nouveau point de situation pour la CPAM 26 face \u00e0 la pand\u00e9mie:<br> \u200b Sur 375 salari\u00e9s sur le d\u00e9partement , 100 sont actuellement chez\u00a0eux en t\u00e9l\u00e9travail, Une dizaine de\u00a0salari\u00e9s restent \u00a0encore au si\u00e8ge sociale de VALENCE. Pour les autres ils sont tous repartis chez eux avec le mat\u00e9riel informatique afin de se mettre tous techniquement et progressivement en t\u00e9l\u00e9travail dans les jours \u00e0 venir. La direction pour l&#8217;instant dit qu&#8217;il n&#8217;y aura pas de perte de salaire. Elle a refus\u00e9 de demander du\u00a0ch\u00f4mage\u00a0partielle ; nous devons suivre au fur et \u00e0 mesure les directives du minist\u00e8re de la sant\u00e9 et des\u00a0autorit\u00e9s gouvernementales, surtout depuis la mise en plan d&#8217;urgence sanitaire. \u00a0<br> \u00a0Pour les fermetures des centres et des accueils, il a fallu que les agents d&#8217;accueil\u00a0utilisent,\u00a0gr\u00e2ce \u00e0 l&#8217;appui de la seule CGT , tous , leur droit de retrait afin que la CGT enclenche le jour une CSSCT\u00a0extraordinaire , pour faire fermer tous les centres.<br> \u200bLes mesures de\u00a0pr\u00e9vention sont en place pour ceux qui restent au si\u00e8ge social. Par contre toutes les instances du personnel sont report\u00e9es et\u00a0l&#8217;\u00e9clatement\u00a0des salari\u00e9s chez eux ne permet plus de lien social et de v\u00e9rifier les \u00e9ventuelles d\u00e9rives de la direction vis \u00e0 vis du droit du travail et du respect des contrats de travail. En qualit\u00e9 de membre CGT de la CSSCT, j&#8217;ai demand\u00e9 d&#8217;avoir quand m\u00eame\u00a0r\u00e9guli\u00e8rement \u00a0un contact privil\u00e9gi\u00e9 par\u00a0tel avec la DRH, pour\u00a0respecter le droit d&#8217;information et de consultation des instances sur la ^\u00e9riode , d&#8217;autant que celle \u00e7i risque de\u00a0durer longtemps.\u00a0<br> \u200b Leminist\u00e8re vient de\u00a0demander aux CPAM de prendre des appels s&#8217;une partie de ceux du 15 , afin de les soulager . D&#8217;autre part nos agents font le point avec tous les\u00a0m\u00e9decins et infirmi\u00e8res lib\u00e9raux de tout le d\u00e9partement car le plan d&#8217;urgence ( stade 3) pr\u00e9voit maintenant que c&#8217;est eux qui vont prendre le\u00a0relais des malades ( ceux ne demandant pas d&#8217;hospitalisation, afin de soulager les\u00a0h\u00f4pitaux. Voil\u00e0 ou nous en sommes , mais les choses\u00a0peuvent et vont encore bouger.\u00a0<br> \u200b Les horaires de travail ont \u00e9t\u00e9 \u00e9largis et assouplis , en\u00a0fonction des besoins et nous\u00a0continuons \u00e0\u00a0r\u00e9pondre au 36.46 mais avec moins de t\u00e9l\u00e9conseillers ( \u00e0 ce jour 11 \u00a0 en fonction en\u00a0t\u00e9l\u00e9travail, contre 35 habituellement), pour prendre les appels des assur\u00e9s de\u00a0l&#8217;ardeche et de la Drome.\u00a0<\/p>\n\n\n\n<p>Mardi 17 mars : Un point sur le suivi de la situation \u00e0 la cpam 26\/ \u00e0 la crise di&nbsp;coronavirus:&nbsp;<br> \u200b La CGT &nbsp;a r\u00e9ussi par un CSE&nbsp;exceptionnel&nbsp;qu&#8217;elle a \u00e9t\u00e9 la seule \u00e0 demander , ainsi&nbsp;qu&#8217;apr\u00e8s une CSSCT&nbsp;exceptionnelle , l\u00e0 aussi la seule \u00e0 la demander , d&#8217;arriver \u00e0 faire enfin bouger la direction qui g\u00e9rait la situation en dessous de tout \/ au&nbsp;coronavirus.&nbsp;<br> Je passe sut tout le travail &nbsp;CGT effectu\u00e9&nbsp;aupr\u00e8s&nbsp;des salari\u00e9s et de la direction, sans r\u00e9el moyen&nbsp;suppl\u00e9mentaire&nbsp;donn\u00e9e par la direction dans ces&nbsp;circonstances pourtant sp\u00e9ciales &nbsp;et&nbsp;exceptionnelles ( avec notamment utilisation du droit de retrait des agents&nbsp;d&#8217;accueil) pour qu&#8217;enfin la direction accepte de fermer les accueils sous la contrainte du personnel et de la CGT. Bagarre pour que les moyens de pr\u00e9vention soient mis en place &nbsp;laborieusement et sous la pression des seuls \u00e9lus CGT et du CSSCT, prises enfin de d\u00e9cisions de confinement ,&nbsp;apr\u00e8s les d\u00e9clarations&nbsp;successives des autorit\u00e9s nationales.&nbsp;<br> &nbsp;R\u00e9sultat \u00e0 ce jour:&nbsp;<br> &nbsp;La direction( premier de cord\u00e9e) &nbsp;a&nbsp;vachement&nbsp;quitt\u00e9 les premiers le bateau en&nbsp;se mettant \u00e0 l&#8217;abri, chez eux et dirigeant par mail le reste du &nbsp;personnel!!! &nbsp;Report de toutes les instances du personnel et du&nbsp;conseil et d\u00e9part impos\u00e9 des salari\u00e9s chez eux pour effectuer du t\u00e9l\u00e9travail m\u00eame ceux dont la technique informatique&nbsp;pour l&#8217;instant n&#8217;\u00e9tait pas pr\u00eate ( je pense notamment aux TC de la PFS: 40 personnes !) . A ce jour&nbsp;apr\u00e8s avoir oblig\u00e9s les salari\u00e9s \u00e0 partir avant midi ce jour ( afin d&#8217;\u00eatre tranquille ) avec imposition d&#8217;embarquer eux m\u00eames leur mat\u00e9riel&nbsp;informatique chez eux dans leur bagnole perso , ils doivent les contacter un par un pour essayer de mettre les postes en&nbsp;t\u00e9l\u00e9travail chez eux. Seul 10 tc pour l&#8217;instant dans la journ\u00e9e y arrivent.&nbsp;<br> &nbsp;Cot\u00e9 CPAM dans les locaux, il reste quelques salari\u00e9s de la rh,&nbsp;du &nbsp;personnel pour r\u00e9ceptionner le courrier (car &nbsp;non possibilit\u00e9 de t\u00e9l\u00e9travailler pour eux) et ceux du service informatique qui travaille sans&nbsp;rel\u00e2che pour mettre en&nbsp;fonction les postes des agents chez&nbsp;eux. Tout cela s&#8217;est r\u00e9alis\u00e9 et continue de se r\u00e9aliser dans la panique totale , et en toute pr\u00e9cipitation. Toutes les&nbsp;activit\u00e9s des DAM et des&nbsp;cam sont stopp\u00e9s.&nbsp;<br> \u200b La direction a refus\u00e9 le&nbsp;ch\u00f4mage partiel et veut \u00e0&nbsp;t\u00f4t prix arriver \u00e0 faire travailler en t\u00e9l\u00e9travail le maximum de personnel . Pour les autres il tranchera&nbsp;apr\u00e8s selon les cas( retour \u00e0 la boite&nbsp;possibles&nbsp;possibilit\u00e9 \u00e0 leur domicile de t\u00e9l\u00e9travailler).&nbsp;<\/p>\n","protected":false},"excerpt":{"rendered":"<p>JEUDI 19 MARS : Nouveau point de situation pour la CPAM 26 face \u00e0 la pand\u00e9mie: \u200b Sur 375 salari\u00e9s<\/p>\n","protected":false},"author":1,"featured_media":883,"comment_status":"open","ping_status":"open","sticky":false,"template":"","format":"standard","meta":{"_EventAllDay":false,"_EventTimezone":"","_EventStartDate":"","_EventEndDate":"","_EventStartDateUTC":"","_EventEndDateUTC":"","_EventShowMap":false,"_EventShowMapLink":false,"_EventURL":"","_EventCost":"","_EventCostDescription":"","_EventCurrencySymbol":"","_EventCurrencyCode":"","_EventCurrencyPosition":"","_EventDateTimeSeparator":"","_EventTimeRangeSeparator":"","_EventOrganizerID":[],"_EventVenueID":0,"_OrganizerEmail":"","_OrganizerPhone":"","_OrganizerWebsite":"","_VenueAddress":"","_VenueCity":"","_VenueCountry":"","_VenueProvince":"","_VenueZip":"","_VenuePhone":"","_VenueURL":"","_VenueStateProvince":"","_VenueLat":"","_VenueLng":"","footnotes":""},"categories":[5],"tags":[],"class_list":["post-1321","post","type-post","status-publish","format-standard","has-post-thumbnail","hentry","category-ca-se-passe-dans-ma-caisse"],"_links":{"self":[{"href":"http:\/\/www.osera.fr\/index.php\/wp-json\/wp\/v2\/posts\/1321","targetHints":{"allow":["GET"]}}],"collection":[{"href":"http:\/\/www.osera.fr\/index.php\/wp-json\/wp\/v2\/posts"}],"about":[{"href":"http:\/\/www.osera.fr\/index.php\/wp-json\/wp\/v2\/types\/post"}],"author":[{"embeddable":true,"href":"http:\/\/www.osera.fr\/index.php\/wp-json\/wp\/v2\/users\/1"}],"replies":[{"embeddable":true,"href":"http:\/\/www.osera.fr\/index.php\/wp-json\/wp\/v2\/comments?post=1321"}],"version-history":[{"count":3,"href":"http:\/\/www.osera.fr\/index.php\/wp-json\/wp\/v2\/posts\/1321\/revisions"}],"predecessor-version":[{"id":1331,"href":"http:\/\/www.osera.fr\/index.php\/wp-json\/wp\/v2\/posts\/1321\/revisions\/1331"}],"wp:featuredmedia":[{"embeddable":true,"href":"http:\/\/www.osera.fr\/index.php\/wp-json\/wp\/v2\/media\/883"}],"wp:attachment":[{"href":"http:\/\/www.osera.fr\/index.php\/wp-json\/wp\/v2\/media?parent=1321"}],"wp:term":[{"taxonomy":"category","embeddable":true,"href":"http:\/\/www.osera.fr\/index.php\/wp-json\/wp\/v2\/categories?post=1321"},{"taxonomy":"post_tag","embeddable":true,"href":"http:\/\/www.osera.fr\/index.php\/wp-json\/wp\/v2\/tags?post=1321"}],"curies":[{"name":"wp","href":"https:\/\/api.w.org\/{rel}","templated":true}]}}