{"id":1318,"date":"2020-03-19T14:46:22","date_gmt":"2020-03-19T13:46:22","guid":{"rendered":"http:\/\/www.osera.fr\/?p=1318"},"modified":"2020-03-20T12:42:36","modified_gmt":"2020-03-20T11:42:36","slug":"covid-19-mesures-salariales-cpam-07","status":"publish","type":"post","link":"http:\/\/www.osera.fr\/index.php\/2020\/03\/19\/covid-19-mesures-salariales-cpam-07\/","title":{"rendered":"COVID 19 &#8211; MESURES SALARIALES CPAM 07"},"content":{"rendered":"\n<p>JEUDI 19 MARS : Pour info CPAM 07 ferme tous sites, cas d\u00e9tect\u00e9s mais pas positif pour l\u2019instant , t\u00e9l\u00e9travail mis en place\u00a0un max, \u00a0les autres agents sont confin\u00e9s chez eux\u00a0!! <\/p>\n\n\n\n<p>infos de la direction le mercredi 18 mars : Je reviens pr\u00e9ciser ce qui nous attend dans les prochains jours, tout en pr\u00e9cisant que cela sera \u00e9volutif.<\/p>\n\n\n\n<p>Comme vous l\u2019avez compris notre mission de service public n\u00e9cessite continuit\u00e9, donc nous travaillons.<\/p>\n\n\n\n<p>Adaptabilit\u00e9, donc nous r\u00e9formons nos processus de travail et les t\u00e2ches qui nous incombent.<\/p>\n\n\n\n<p>1.&nbsp;&nbsp;&nbsp;&nbsp;&nbsp;&nbsp;&nbsp;&nbsp;&nbsp;&nbsp;&nbsp; Organisation g\u00e9n\u00e9rale :<\/p>\n\n\n\n<p>Nous venons de recevoir un document qui vous permettra de circuler librement pour venir travailler.<\/p>\n\n\n\n<p>\u2022&nbsp;&nbsp;&nbsp;&nbsp;&nbsp;&nbsp;&nbsp;&nbsp;&nbsp;&nbsp;&nbsp;&nbsp; Comme je l\u2019ai d\u00e9j\u00e0 indiqu\u00e9 nous allons d\u00e9ployer progressivement des PC pour que certains d\u2019entre vous puissent travailler \u00e0 domicile. (M\u00e9tiers prioritaires et renforts de prioritaires).<\/p>\n\n\n\n<p>\u2022&nbsp;&nbsp;&nbsp;&nbsp;&nbsp;&nbsp;&nbsp;&nbsp;&nbsp;&nbsp;&nbsp;&nbsp; Nous allons concentrer toutes nos forces sur les paiements indispensables \u00e0 la vie de nos concitoyens et des \u00e9tablissements de sant\u00e9.<\/p>\n\n\n\n<p>2.&nbsp;&nbsp;&nbsp;&nbsp;&nbsp;&nbsp;&nbsp;&nbsp;&nbsp;&nbsp;&nbsp; Organisation m\u00e9tier :<\/p>\n\n\n\n<p>La direction ainsi que la CNAM ont prioris\u00e9, les m\u00e9tiers suivants :<\/p>\n\n\n\n<p>\u2022&nbsp;&nbsp;&nbsp;&nbsp;&nbsp;&nbsp;&nbsp;&nbsp;&nbsp;&nbsp;&nbsp;&nbsp; Tr\u00e9sorerie (service comptable). Etablissements.<\/p>\n\n\n\n<p>Sans tr\u00e9sorerie aucun paiement ne sort de la caisse.<\/p>\n\n\n\n<p>\u2022&nbsp;&nbsp;&nbsp;&nbsp;&nbsp;&nbsp;&nbsp;&nbsp;&nbsp;&nbsp;&nbsp;&nbsp; Les paiements des \u00e9tablissements (PN).<\/p>\n\n\n\n<p>\u2022&nbsp;&nbsp;&nbsp;&nbsp;&nbsp;&nbsp;&nbsp;&nbsp;&nbsp;&nbsp;&nbsp;&nbsp; Tous les revenus de substitutions. Y compris les agents du front office qui contribuent \u00e0 l\u2019entraide. D\u2018ores et d\u00e9j\u00e0&nbsp; identifi\u00e9s.<\/p>\n\n\n\n<p>\u2022&nbsp;&nbsp;&nbsp;&nbsp;&nbsp;&nbsp;&nbsp;&nbsp;&nbsp;&nbsp;&nbsp;&nbsp; Services contr\u00f4le.<\/p>\n\n\n\n<p>\u2022&nbsp;&nbsp;&nbsp;&nbsp;&nbsp;&nbsp;&nbsp;&nbsp;&nbsp;&nbsp;&nbsp;&nbsp; Tous les flux FSE.<\/p>\n\n\n\n<p>\u2022&nbsp;&nbsp;&nbsp;&nbsp;&nbsp;&nbsp;&nbsp;&nbsp;&nbsp;&nbsp;&nbsp;&nbsp; Services supports : informatique, paie, communication. Cadres et agents.\n<\/p>\n\n\n\n<p>Nb le temps de d\u00e9ployer les postes \u00e0 distance.<\/p>\n\n\n\n<p>\u2022&nbsp;&nbsp;&nbsp;&nbsp;&nbsp;&nbsp;&nbsp;&nbsp;&nbsp;&nbsp;&nbsp;&nbsp; PFS MDA<\/p>\n\n\n\n<p>Les agents restent sur site.<\/p>\n\n\n\n<p>Chaque m\u00e9tier aura des simplifications r\u00e9glementaires qui permettra d\u2019\u00e9viter les engorgements de nos services (exemples : prolongation des ALD arrivants \u00e0 \u00e9ch\u00e9ance, assouplissement IRIS, assouplissement contr\u00f4les).<\/p>\n\n\n\n<p>L\u2019\u00e9quipe de direction est en train de travailler pour identifier les comp\u00e9tences des collaborateurs qui sont pour l\u2019instant affect\u00e9s \u00e0 des missions non prioritaires, en effet l\u2019objectif est de tenir collectivement pour que les paiements\n soient faits dans un d\u00e9lai raisonnable.<\/p>\n\n\n\n<p>Pour l\u2019instant les m\u00e9tiers non list\u00e9s &#8211; rentrent chez eux \u00e0 midi.<\/p>\n\n\n\n<p>3.&nbsp;&nbsp;&nbsp;&nbsp;&nbsp;&nbsp;&nbsp;&nbsp;&nbsp;&nbsp;&nbsp; Gestion de risque sanitaire :<\/p>\n\n\n\n<p>A l\u2019interne comme \u00e0 l\u2019externe, respectez les consignes qui sont donn\u00e9es depuis une quinzaine de jours notamment distance de s\u00e9curit\u00e9 d\u2019au moins d\u2019un m\u00e8tre. C\u2019est exigeant mais je vous demande instamment de vous prot\u00e9ger entre vous.\n<\/p>\n\n\n\n<p>Des lingettes ont \u00e9t\u00e9 mises \u00e0 disposition, n\u2019h\u00e9sitez pas \u00e0 les utiliser dans la journ\u00e9e pour nettoyer les poign\u00e9es de portes, certaines seront bloqu\u00e9es en ouverture pour \u00e9viter les manipulations.<\/p>\n\n\n\n<p>4.&nbsp;&nbsp;&nbsp;&nbsp;&nbsp;&nbsp;&nbsp;&nbsp;&nbsp;&nbsp;&nbsp; Pour les services non prioritaires \u00e0 ce jour<\/p>\n\n\n\n<p>Il est rappel\u00e9 que les agents doivent laisser \u00e0 leurs cadres n\u00b0 de t\u00e9l\u00e9phone et mail.<\/p>\n\n\n\n<p>Ils pourront&nbsp; \u00eatre rappel\u00e9s pour renforcer les missions prioritaires selon le d\u00e9ploiement des postes en t\u00e9l\u00e9travail.<\/p>\n\n\n\n<p>Merci de suivre l\u2019actualit\u00e9 sur l\u2019application PCA.<\/p>\n","protected":false},"excerpt":{"rendered":"<p>JEUDI 19 MARS : Pour info CPAM 07 ferme tous sites, cas d\u00e9tect\u00e9s mais pas positif pour l\u2019instant , t\u00e9l\u00e9travail<\/p>\n","protected":false},"author":1,"featured_media":1319,"comment_status":"open","ping_status":"open","sticky":false,"template":"","format":"standard","meta":{"_EventAllDay":false,"_EventTimezone":"","_EventStartDate":"","_EventEndDate":"","_EventStartDateUTC":"","_EventEndDateUTC":"","_EventShowMap":false,"_EventShowMapLink":false,"_EventURL":"","_EventCost":"","_EventCostDescription":"","_EventCurrencySymbol":"","_EventCurrencyCode":"","_EventCurrencyPosition":"","_EventDateTimeSeparator":"","_EventTimeRangeSeparator":"","_EventOrganizerID":[],"_EventVenueID":0,"_OrganizerEmail":"","_OrganizerPhone":"","_OrganizerWebsite":"","_VenueAddress":"","_VenueCity":"","_VenueCountry":"","_VenueProvince":"","_VenueZip":"","_VenuePhone":"","_VenueURL":"","_VenueStateProvince":"","_VenueLat":"","_VenueLng":"","footnotes":""},"categories":[5],"tags":[],"class_list":["post-1318","post","type-post","status-publish","format-standard","has-post-thumbnail","hentry","category-ca-se-passe-dans-ma-caisse"],"_links":{"self":[{"href":"http:\/\/www.osera.fr\/index.php\/wp-json\/wp\/v2\/posts\/1318","targetHints":{"allow":["GET"]}}],"collection":[{"href":"http:\/\/www.osera.fr\/index.php\/wp-json\/wp\/v2\/posts"}],"about":[{"href":"http:\/\/www.osera.fr\/index.php\/wp-json\/wp\/v2\/types\/post"}],"author":[{"embeddable":true,"href":"http:\/\/www.osera.fr\/index.php\/wp-json\/wp\/v2\/users\/1"}],"replies":[{"embeddable":true,"href":"http:\/\/www.osera.fr\/index.php\/wp-json\/wp\/v2\/comments?post=1318"}],"version-history":[{"count":3,"href":"http:\/\/www.osera.fr\/index.php\/wp-json\/wp\/v2\/posts\/1318\/revisions"}],"predecessor-version":[{"id":1334,"href":"http:\/\/www.osera.fr\/index.php\/wp-json\/wp\/v2\/posts\/1318\/revisions\/1334"}],"wp:featuredmedia":[{"embeddable":true,"href":"http:\/\/www.osera.fr\/index.php\/wp-json\/wp\/v2\/media\/1319"}],"wp:attachment":[{"href":"http:\/\/www.osera.fr\/index.php\/wp-json\/wp\/v2\/media?parent=1318"}],"wp:term":[{"taxonomy":"category","embeddable":true,"href":"http:\/\/www.osera.fr\/index.php\/wp-json\/wp\/v2\/categories?post=1318"},{"taxonomy":"post_tag","embeddable":true,"href":"http:\/\/www.osera.fr\/index.php\/wp-json\/wp\/v2\/tags?post=1318"}],"curies":[{"name":"wp","href":"https:\/\/api.w.org\/{rel}","templated":true}]}}