{"id":1315,"date":"2020-03-19T14:39:32","date_gmt":"2020-03-19T13:39:32","guid":{"rendered":"http:\/\/www.osera.fr\/?p=1315"},"modified":"2020-03-19T14:39:32","modified_gmt":"2020-03-19T13:39:32","slug":"covid-19-mesures-salariales-cpam-42","status":"publish","type":"post","link":"http:\/\/www.osera.fr\/index.php\/2020\/03\/19\/covid-19-mesures-salariales-cpam-42\/","title":{"rendered":"COVID 19 &#8211; MESURES SALARIALES CPAM 42"},"content":{"rendered":"\n<p>LUNDI 16 MARS : Suite aux diff\u00e9rentes \u00e9volutions connues ce jour, le Codir, r\u00e9uni d\u00e9sormais quotidiennement a pris les mesures suivantes\u00a0:<\/p>\n\n\n\n<p><strong>Au niveau organisationnel<\/strong><\/p>\n\n\n\n<p>&#8211;&nbsp;&nbsp;&nbsp;&nbsp;&nbsp;&nbsp;&nbsp;&nbsp;&nbsp; Tous les accueils seront ferm\u00e9s&nbsp;; seuls les rendez-vous programm\u00e9s ant\u00e9rieurement sont honor\u00e9s uniquement ce jour. A partir de demain, uniquement des rdv par t\u00e9l\u00e9phone seront assur\u00e9s,<\/p>\n\n\n\n<p>&#8211;&nbsp;&nbsp;&nbsp;&nbsp;&nbsp;&nbsp;&nbsp;&nbsp;&nbsp; Le CES et le CSD seront exceptionnellement ferm\u00e9s,<\/p>\n\n\n\n<p>&#8211;&nbsp;&nbsp;&nbsp;&nbsp;&nbsp;&nbsp;&nbsp;&nbsp;&nbsp; Toutes les formations et r\u00e9unions ext\u00e9rieures sont annul\u00e9es,<\/p>\n\n\n\n<p>&#8211;&nbsp;&nbsp;&nbsp;&nbsp;&nbsp;&nbsp;&nbsp;&nbsp;&nbsp; Les recrutements internes et externes sont suspendus,<\/p>\n\n\n\n<p>&#8211;&nbsp;&nbsp;&nbsp;&nbsp;&nbsp;&nbsp;&nbsp;&nbsp;&nbsp; Les r\u00e9unions physiques internes n\u00e9cessaires au fonctionnement de la caisse doivent dans la mesure du possible respecter un espace vide entre deux participants (pour respecter la consigne de distance d\u2019un m\u00e8tre), privil\u00e9gier les visioconf\u00e9rences ou audioconf\u00e9rences,<\/p>\n\n\n\n<p>&#8211;&nbsp;&nbsp;&nbsp;&nbsp;&nbsp;&nbsp;&nbsp;&nbsp;&nbsp; Les nouveaux stagiaires\/alternants ne doivent pas se pr\u00e9senter \u00e0 la CPAM.<\/p>\n\n\n\n<p><strong>Au niveau sanitaire<\/strong><\/p>\n\n\n\n<p>&#8211;&nbsp;&nbsp;&nbsp;&nbsp;&nbsp;&nbsp;&nbsp;&nbsp;&nbsp; Merci de respecter scrupuleusement tous les gestes barri\u00e8res, et notamment lors de vos d\u00e9placement en ascenseur dans lesquels il convient de ne pas \u00eatre plus de trois personnes \u00e0 la fois,<\/p>\n\n\n\n<p>&#8211;&nbsp;&nbsp;&nbsp;&nbsp;&nbsp;&nbsp;&nbsp;&nbsp;&nbsp; A titre exceptionnel afin de respecter les distances pr\u00e9conis\u00e9es, il est possible de d\u00e9jeuner &nbsp;dans les bureaux.&nbsp; A titre d\u2019information, le restaurant Gr\u00fcner propose des formules \u00e0 emporter,<\/p>\n\n\n\n<p>&#8211;&nbsp;&nbsp;&nbsp;&nbsp;&nbsp;&nbsp;&nbsp;&nbsp;&nbsp; Il vous \u00e9galement demander de laisser les portes des bureaux ouvertes afin de toucher le moins possible les poign\u00e9es,<\/p>\n\n\n\n<p>&#8211;&nbsp;&nbsp;&nbsp;&nbsp;&nbsp;&nbsp;&nbsp;&nbsp;&nbsp; Si vous ressentez des sympt\u00f4mes correspondant au coronavirus, il convient de se rapprocher le plus rapidement possible de votre m\u00e9decin traitant.<\/p>\n\n\n\n<p><strong>Au niveau RH<\/strong><\/p>\n\n\n\n<p>&#8211;&nbsp;&nbsp;&nbsp;&nbsp;&nbsp;&nbsp;&nbsp;&nbsp;&nbsp; Le d\u00e9compte horaire de la Journ\u00e9e de solidarit\u00e9 de 7 heures est d\u00e9cal\u00e9 \u00e0 fin avril,<\/p>\n\n\n\n<p>&#8211;&nbsp;&nbsp;&nbsp;&nbsp;&nbsp;&nbsp;&nbsp;&nbsp;&nbsp; Le t\u00e9l\u00e9travail est prioritaire et n\u2019est pas consid\u00e9r\u00e9 comme incompatible avec la garde d\u2019enfants, et ce \u00e0 titre exceptionnel. En cas de difficult\u00e9s merci de vous rapprocher de votre responsable afin d\u2019appr\u00e9cier la situation. S\u2019il s\u2019av\u00e8re que le t\u00e9l\u00e9travail est totalement impossible, merci d\u2019envisager avec lui les modalit\u00e9s de restitution de votre mat\u00e9riel (PC portable + calculette),<\/p>\n\n\n\n<p>&#8211;&nbsp;&nbsp;&nbsp;&nbsp;&nbsp;&nbsp;&nbsp;&nbsp;&nbsp; \u00c1 partir de ce lundi 16 mars, tout salari\u00e9 oblig\u00e9 de s\u2019arr\u00eater \u00e0 cause du coronavirus pour garder son enfant pourra b\u00e9n\u00e9ficier d\u2019un arr\u00eat de travail. Le salari\u00e9 qui n\u2019a pas d\u2019autre choix et qui ne peut pas t\u00e9l\u00e9travailler, par exemple, doit s\u2019adresser au service GP <a href=\"mailto:gestiondupersonnel.cpam-loire@assurance-maladie.fr\" target=\"_blank\" rel=\"noreferrer noopener\"> gestiondupersonnel.cpam-loire@assurance-maladie.fr<\/a> &nbsp;&nbsp;&nbsp;avec son num\u00e9ro de t\u00e9l\u00e9phone (indispensable pour la t\u00e9l\u00e9 d\u00e9claration). La Cpam, en tant qu\u2019employeur, d\u00e9pose alors une demande d\u2019indemnisation aupr\u00e8s de l\u2019Assurance maladie,<\/p>\n\n\n\n<p>&#8211;&nbsp;&nbsp;&nbsp;&nbsp;&nbsp;&nbsp;&nbsp;&nbsp;&nbsp; Les deux parents ne peuvent s\u2019arr\u00eater en m\u00eame temps. En revanche, ils peuvent alterner travail et garde d\u2019enfant, \u00e0 la journ\u00e9e. Si vous envisagez cette possibilit\u00e9 de fractionnement, il convient d\u2019adresser votre planning hebdomadaire \u00e0 votre responsable et au service GP.<\/p>\n\n\n\n<p>Je vous remercie de consulter r\u00e9guli\u00e8rement le site PCA accessible via&nbsp;:&nbsp; <a href=\"https:\/\/pcaloire42.jmdofree.com\/\" target=\"_blank\" rel=\"noreferrer noopener\">https:\/\/pcaloire42.jmdofree.com\/<\/a> que nous alimenterons au fil de l\u2019actualit\u00e9. Le mot de passe est le suivant VITALIS42.<\/p>\n\n\n\n<p>Je ne manquerai pas de vous tenir inform\u00e9s des \u00e9volutions \u00e0 venir.<\/p>\n","protected":false},"excerpt":{"rendered":"<p>LUNDI 16 MARS : Suite aux diff\u00e9rentes \u00e9volutions connues ce jour, le Codir, r\u00e9uni d\u00e9sormais quotidiennement a pris les mesures<\/p>\n","protected":false},"author":1,"featured_media":1316,"comment_status":"open","ping_status":"open","sticky":false,"template":"","format":"standard","meta":{"_EventAllDay":false,"_EventTimezone":"","_EventStartDate":"","_EventEndDate":"","_EventStartDateUTC":"","_EventEndDateUTC":"","_EventShowMap":false,"_EventShowMapLink":false,"_EventURL":"","_EventCost":"","_EventCostDescription":"","_EventCurrencySymbol":"","_EventCurrencyCode":"","_EventCurrencyPosition":"","_EventDateTimeSeparator":"","_EventTimeRangeSeparator":"","_EventOrganizerID":[],"_EventVenueID":0,"_OrganizerEmail":"","_OrganizerPhone":"","_OrganizerWebsite":"","_VenueAddress":"","_VenueCity":"","_VenueCountry":"","_VenueProvince":"","_VenueZip":"","_VenuePhone":"","_VenueURL":"","_VenueStateProvince":"","_VenueLat":"","_VenueLng":"","footnotes":""},"categories":[5],"tags":[],"class_list":["post-1315","post","type-post","status-publish","format-standard","has-post-thumbnail","hentry","category-ca-se-passe-dans-ma-caisse"],"_links":{"self":[{"href":"http:\/\/www.osera.fr\/index.php\/wp-json\/wp\/v2\/posts\/1315","targetHints":{"allow":["GET"]}}],"collection":[{"href":"http:\/\/www.osera.fr\/index.php\/wp-json\/wp\/v2\/posts"}],"about":[{"href":"http:\/\/www.osera.fr\/index.php\/wp-json\/wp\/v2\/types\/post"}],"author":[{"embeddable":true,"href":"http:\/\/www.osera.fr\/index.php\/wp-json\/wp\/v2\/users\/1"}],"replies":[{"embeddable":true,"href":"http:\/\/www.osera.fr\/index.php\/wp-json\/wp\/v2\/comments?post=1315"}],"version-history":[{"count":1,"href":"http:\/\/www.osera.fr\/index.php\/wp-json\/wp\/v2\/posts\/1315\/revisions"}],"predecessor-version":[{"id":1317,"href":"http:\/\/www.osera.fr\/index.php\/wp-json\/wp\/v2\/posts\/1315\/revisions\/1317"}],"wp:featuredmedia":[{"embeddable":true,"href":"http:\/\/www.osera.fr\/index.php\/wp-json\/wp\/v2\/media\/1316"}],"wp:attachment":[{"href":"http:\/\/www.osera.fr\/index.php\/wp-json\/wp\/v2\/media?parent=1315"}],"wp:term":[{"taxonomy":"category","embeddable":true,"href":"http:\/\/www.osera.fr\/index.php\/wp-json\/wp\/v2\/categories?post=1315"},{"taxonomy":"post_tag","embeddable":true,"href":"http:\/\/www.osera.fr\/index.php\/wp-json\/wp\/v2\/tags?post=1315"}],"curies":[{"name":"wp","href":"https:\/\/api.w.org\/{rel}","templated":true}]}}