{"id":1278,"date":"2020-03-19T13:16:42","date_gmt":"2020-03-19T12:16:42","guid":{"rendered":"http:\/\/www.osera.fr\/?p=1278"},"modified":"2020-03-20T13:14:53","modified_gmt":"2020-03-20T12:14:53","slug":"covid-19-mesures-salariales-cpam-74","status":"publish","type":"post","link":"http:\/\/www.osera.fr\/index.php\/2020\/03\/19\/covid-19-mesures-salariales-cpam-74\/","title":{"rendered":"COVID 19 MESURES SALARIALES CPAM 74"},"content":{"rendered":"\n<p>Petite question de la CGT CPAM 74 avez vous des<em> situations similaires sur les autres CPAM&nbsp;?<\/em> r\u00e9pondre \u00e0 la CGT CPAM 74 merci.<\/p>\n\n\n\n<p><\/p>\n\n\n\n<p><em>La Direction a pris la d\u00e9cision suivante&nbsp;:<\/em><\/p>\n\n\n\n<p><em>Les personnes en situation de t\u00e9l\u00e9travail effectif sur les activit\u00e9s prioritaires, et celles qui auront une autorisation permanente de d\u00e9placement pour travailler au si\u00e8ge, doivent annuler leurs cong\u00e9s, sauf\n impossibilit\u00e9 absolue \u00e0 faire valoir aupr\u00e8s du D\u00e9partement Ressources Humaines.<\/em><\/p>\n\n\n\n<p><em>Ils pourront soit les placer sur un CET, soit les reporter&nbsp;: report possible jusqu\u2019au 30 juin 2020<\/em><em>,\n<\/em><\/p>\n\n\n\n<p><em>Pour les autres cas, les cong\u00e9s doivent \u00eatre sold\u00e9s au 30 avril 2020 ou plac\u00e9s sur un CET.<\/em><\/p>\n\n\n\n<p><em>A d\u00e9faut, les cong\u00e9s seront perdus.<\/em><\/p>\n","protected":false},"excerpt":{"rendered":"<p>Petite question de la CGT CPAM 74 avez vous des situations similaires sur les autres CPAM&nbsp;? r\u00e9pondre \u00e0 la CGT<\/p>\n","protected":false},"author":1,"featured_media":901,"comment_status":"open","ping_status":"open","sticky":false,"template":"","format":"standard","meta":{"_EventAllDay":false,"_EventTimezone":"","_EventStartDate":"","_EventEndDate":"","_EventStartDateUTC":"","_EventEndDateUTC":"","_EventShowMap":false,"_EventShowMapLink":false,"_EventURL":"","_EventCost":"","_EventCostDescription":"","_EventCurrencySymbol":"","_EventCurrencyCode":"","_EventCurrencyPosition":"","_EventDateTimeSeparator":"","_EventTimeRangeSeparator":"","_EventOrganizerID":[],"_EventVenueID":0,"_OrganizerEmail":"","_OrganizerPhone":"","_OrganizerWebsite":"","_VenueAddress":"","_VenueCity":"","_VenueCountry":"","_VenueProvince":"","_VenueZip":"","_VenuePhone":"","_VenueURL":"","_VenueStateProvince":"","_VenueLat":"","_VenueLng":"","footnotes":""},"categories":[5],"tags":[],"class_list":["post-1278","post","type-post","status-publish","format-standard","has-post-thumbnail","hentry","category-ca-se-passe-dans-ma-caisse"],"_links":{"self":[{"href":"http:\/\/www.osera.fr\/index.php\/wp-json\/wp\/v2\/posts\/1278","targetHints":{"allow":["GET"]}}],"collection":[{"href":"http:\/\/www.osera.fr\/index.php\/wp-json\/wp\/v2\/posts"}],"about":[{"href":"http:\/\/www.osera.fr\/index.php\/wp-json\/wp\/v2\/types\/post"}],"author":[{"embeddable":true,"href":"http:\/\/www.osera.fr\/index.php\/wp-json\/wp\/v2\/users\/1"}],"replies":[{"embeddable":true,"href":"http:\/\/www.osera.fr\/index.php\/wp-json\/wp\/v2\/comments?post=1278"}],"version-history":[{"count":3,"href":"http:\/\/www.osera.fr\/index.php\/wp-json\/wp\/v2\/posts\/1278\/revisions"}],"predecessor-version":[{"id":1347,"href":"http:\/\/www.osera.fr\/index.php\/wp-json\/wp\/v2\/posts\/1278\/revisions\/1347"}],"wp:featuredmedia":[{"embeddable":true,"href":"http:\/\/www.osera.fr\/index.php\/wp-json\/wp\/v2\/media\/901"}],"wp:attachment":[{"href":"http:\/\/www.osera.fr\/index.php\/wp-json\/wp\/v2\/media?parent=1278"}],"wp:term":[{"taxonomy":"category","embeddable":true,"href":"http:\/\/www.osera.fr\/index.php\/wp-json\/wp\/v2\/categories?post=1278"},{"taxonomy":"post_tag","embeddable":true,"href":"http:\/\/www.osera.fr\/index.php\/wp-json\/wp\/v2\/tags?post=1278"}],"curies":[{"name":"wp","href":"https:\/\/api.w.org\/{rel}","templated":true}]}}